{"@context":"https:\/\/schema.org\/","@type":"CollectionPage","@id":"https:\/\/www.afchj.cz\/vyrobky\/#CollectionPage","headline":"V\u00fdrobky Category","description":"","url":"https:\/\/www.afchj.cz\/vyrobky\/","hasPart":[{"@type":"Article","@id":"https:\/\/www.afchj.cz\/co-to-je-cbd\/","headline":"Co to je CBD?","url":"https:\/\/www.afchj.cz\/co-to-je-cbd\/","datePublished":"2023-03-19","dateModified":"2023-04-25","mainEntityOfPage":"https:\/\/www.afchj.cz\/co-to-je-cbd\/","author":{"@type":"Person","@id":"https:\/\/www.afchj.cz\/author\/#Person","name":"","url":"https:\/\/www.afchj.cz\/author\/","identifier":1,"image":{"@type":"ImageObject","@id":"https:\/\/secure.gravatar.com\/avatar\/25a824e14ead2d36aba24b918221841350fb41cea98048e9b1929df8c4bf4bd8?s=96&d=mm&r=g","url":"https:\/\/secure.gravatar.com\/avatar\/25a824e14ead2d36aba24b918221841350fb41cea98048e9b1929df8c4bf4bd8?s=96&d=mm&r=g","height":96,"width":96}},"publisher":{"@type":"Organization","name":"afchj.cz","logo":{"@type":"ImageObject","@id":"\/logo.png","url":"\/logo.png","width":600,"height":60}},"image":{"@type":"ImageObject","@id":"https:\/\/www.afchj.cz\/wp-content\/uploads\/cannabis-5003417_640_10.jpg","url":"https:\/\/www.afchj.cz\/wp-content\/uploads\/cannabis-5003417_640_10.jpg","height":0,"width":0},"keywords":null},{"@type":"Article","@id":"https:\/\/www.afchj.cz\/proc-je-vyhodne-mit-detske-hriste-na-zahrade\/","headline":"Pro\u010d je v\u00fdhodn\u00e9 m\u00edt d\u011btsk\u00e9 h\u0159i\u0161t\u011b na zahrad\u011b","url":"https:\/\/www.afchj.cz\/proc-je-vyhodne-mit-detske-hriste-na-zahrade\/","datePublished":"2023-03-17","dateModified":"2023-04-25","mainEntityOfPage":"https:\/\/www.afchj.cz\/proc-je-vyhodne-mit-detske-hriste-na-zahrade\/","author":{"@type":"Person","@id":"https:\/\/www.afchj.cz\/author\/#Person","name":"","url":"https:\/\/www.afchj.cz\/author\/","identifier":1,"image":{"@type":"ImageObject","@id":"https:\/\/secure.gravatar.com\/avatar\/25a824e14ead2d36aba24b918221841350fb41cea98048e9b1929df8c4bf4bd8?s=96&d=mm&r=g","url":"https:\/\/secure.gravatar.com\/avatar\/25a824e14ead2d36aba24b918221841350fb41cea98048e9b1929df8c4bf4bd8?s=96&d=mm&r=g","height":96,"width":96}},"publisher":{"@type":"Organization","name":"afchj.cz","logo":{"@type":"ImageObject","@id":"\/logo.png","url":"\/logo.png","width":600,"height":60}},"image":{"@type":"ImageObject","@id":"https:\/\/www.afchj.cz\/wp-content\/uploads\/girl-g70b71cd9c_640_9.jpg","url":"https:\/\/www.afchj.cz\/wp-content\/uploads\/girl-g70b71cd9c_640_9.jpg","height":0,"width":0},"keywords":null},{"@type":"Article","@id":"https:\/\/www.afchj.cz\/jako-v-pokojicku\/","headline":"Jako v pokoj\u00ed\u010dku","url":"https:\/\/www.afchj.cz\/jako-v-pokojicku\/","datePublished":"2023-02-23","dateModified":"2023-04-25","mainEntityOfPage":"https:\/\/www.afchj.cz\/jako-v-pokojicku\/","author":{"@type":"Person","@id":"https:\/\/www.afchj.cz\/author\/#Person","name":"","url":"https:\/\/www.afchj.cz\/author\/","identifier":1,"image":{"@type":"ImageObject","@id":"https:\/\/secure.gravatar.com\/avatar\/25a824e14ead2d36aba24b918221841350fb41cea98048e9b1929df8c4bf4bd8?s=96&d=mm&r=g","url":"https:\/\/secure.gravatar.com\/avatar\/25a824e14ead2d36aba24b918221841350fb41cea98048e9b1929df8c4bf4bd8?s=96&d=mm&r=g","height":96,"width":96}},"publisher":{"@type":"Organization","name":"afchj.cz","logo":{"@type":"ImageObject","@id":"\/logo.png","url":"\/logo.png","width":600,"height":60}},"image":{"@type":"ImageObject","@id":"https:\/\/www.afchj.cz\/wp-content\/uploads\/matka_1.jpg","url":"https:\/\/www.afchj.cz\/wp-content\/uploads\/matka_1.jpg","height":0,"width":0},"keywords":null},{"@type":"Article","@id":"https:\/\/www.afchj.cz\/siti\/","headline":"\u0160it\u00ed","url":"https:\/\/www.afchj.cz\/siti\/","datePublished":"2022-10-11","dateModified":"2022-10-11","mainEntityOfPage":"https:\/\/www.afchj.cz\/siti\/","author":{"@type":"Person","@id":"https:\/\/www.afchj.cz\/author\/#Person","name":"","url":"https:\/\/www.afchj.cz\/author\/","identifier":1,"image":{"@type":"ImageObject","@id":"https:\/\/secure.gravatar.com\/avatar\/25a824e14ead2d36aba24b918221841350fb41cea98048e9b1929df8c4bf4bd8?s=96&d=mm&r=g","url":"https:\/\/secure.gravatar.com\/avatar\/25a824e14ead2d36aba24b918221841350fb41cea98048e9b1929df8c4bf4bd8?s=96&d=mm&r=g","height":96,"width":96}},"publisher":{"@type":"Organization","name":"afchj.cz","logo":{"@type":"ImageObject","@id":"\/logo.png","url":"\/logo.png","width":600,"height":60}},"image":{"@type":"ImageObject","@id":"https:\/\/www.afchj.cz\/wp-content\/uploads\/cloth-g3076f8233_640.jpg","url":"https:\/\/www.afchj.cz\/wp-content\/uploads\/cloth-g3076f8233_640.jpg","height":0,"width":0},"keywords":null},{"@type":"Article","@id":"https:\/\/www.afchj.cz\/horsky-resort-bukova-hora-idealni-misto-pro-aktivni-dovolenou\/","headline":"Horsk\u00fd resort Bukov\u00e1 Hora &#8211; ide\u00e1ln\u00ed m\u00edsto pro aktivn\u00ed dovolenou","url":"https:\/\/www.afchj.cz\/horsky-resort-bukova-hora-idealni-misto-pro-aktivni-dovolenou\/","datePublished":"2022-07-23","dateModified":"2022-07-23","mainEntityOfPage":"https:\/\/www.afchj.cz\/horsky-resort-bukova-hora-idealni-misto-pro-aktivni-dovolenou\/","author":{"@type":"Person","@id":"https:\/\/www.afchj.cz\/author\/#Person","name":"","url":"https:\/\/www.afchj.cz\/author\/","identifier":1,"image":{"@type":"ImageObject","@id":"https:\/\/secure.gravatar.com\/avatar\/25a824e14ead2d36aba24b918221841350fb41cea98048e9b1929df8c4bf4bd8?s=96&d=mm&r=g","url":"https:\/\/secure.gravatar.com\/avatar\/25a824e14ead2d36aba24b918221841350fb41cea98048e9b1929df8c4bf4bd8?s=96&d=mm&r=g","height":96,"width":96}},"publisher":{"@type":"Organization","name":"afchj.cz","logo":{"@type":"ImageObject","@id":"\/logo.png","url":"\/logo.png","width":600,"height":60}},"image":{"@type":"ImageObject","@id":"https:\/\/www.afchj.cz\/wp-content\/uploads\/pexels-fede-roveda-4678861.jpg","url":"https:\/\/www.afchj.cz\/wp-content\/uploads\/pexels-fede-roveda-4678861.jpg","height":0,"width":0},"keywords":null},{"@type":"Article","@id":"https:\/\/www.afchj.cz\/jak-bychom-zili-bez-instalateru\/","headline":"Jak bychom \u017eili bez instalat\u00e9r\u016f?","url":"https:\/\/www.afchj.cz\/jak-bychom-zili-bez-instalateru\/","datePublished":"2021-09-08","dateModified":"2021-09-08","mainEntityOfPage":"https:\/\/www.afchj.cz\/jak-bychom-zili-bez-instalateru\/","author":{"@type":"Person","@id":"https:\/\/www.afchj.cz\/author\/#Person","name":"","url":"https:\/\/www.afchj.cz\/author\/","identifier":1,"image":{"@type":"ImageObject","@id":"https:\/\/secure.gravatar.com\/avatar\/25a824e14ead2d36aba24b918221841350fb41cea98048e9b1929df8c4bf4bd8?s=96&d=mm&r=g","url":"https:\/\/secure.gravatar.com\/avatar\/25a824e14ead2d36aba24b918221841350fb41cea98048e9b1929df8c4bf4bd8?s=96&d=mm&r=g","height":96,"width":96}},"publisher":{"@type":"Organization","name":"afchj.cz","logo":{"@type":"ImageObject","@id":"\/logo.png","url":"\/logo.png","width":600,"height":60}},"image":{"@type":"ImageObject","@id":"https:\/\/www.afchj.cz\/wp-content\/uploads\/kohoutek%20venku_3.jpg","url":"https:\/\/www.afchj.cz\/wp-content\/uploads\/kohoutek%20venku_3.jpg","height":0,"width":0},"keywords":null},{"@type":"Article","@id":"https:\/\/www.afchj.cz\/zazitek-k-nezaplaceni\/","headline":"Z\u00e1\u017eitek k nezaplacen\u00ed","url":"https:\/\/www.afchj.cz\/zazitek-k-nezaplaceni\/","datePublished":"2020-01-24","dateModified":"2020-01-24","mainEntityOfPage":"https:\/\/www.afchj.cz\/zazitek-k-nezaplaceni\/","author":{"@type":"Person","@id":"https:\/\/www.afchj.cz\/author\/#Person","name":"","url":"https:\/\/www.afchj.cz\/author\/","identifier":1,"image":{"@type":"ImageObject","@id":"https:\/\/secure.gravatar.com\/avatar\/25a824e14ead2d36aba24b918221841350fb41cea98048e9b1929df8c4bf4bd8?s=96&d=mm&r=g","url":"https:\/\/secure.gravatar.com\/avatar\/25a824e14ead2d36aba24b918221841350fb41cea98048e9b1929df8c4bf4bd8?s=96&d=mm&r=g","height":96,"width":96}},"publisher":{"@type":"Organization","name":"afchj.cz","logo":{"@type":"ImageObject","@id":"\/logo.png","url":"\/logo.png","width":600,"height":60}},"image":{"@type":"ImageObject","@id":"https:\/\/www.afchj.cz\/wp-content\/uploads\/img_a378744_w3323_t1589889568.png","url":"https:\/\/www.afchj.cz\/wp-content\/uploads\/img_a378744_w3323_t1589889568.png","height":0,"width":0},"keywords":null},{"@type":"Article","@id":"https:\/\/www.afchj.cz\/pr-clanek-jako-nenasilna-reklama\/","headline":"PR \u010dl\u00e1nek jako nen\u00e1siln\u00e1 reklama","url":"https:\/\/www.afchj.cz\/pr-clanek-jako-nenasilna-reklama\/","datePublished":"2018-04-03","dateModified":"2018-04-03","mainEntityOfPage":"https:\/\/www.afchj.cz\/pr-clanek-jako-nenasilna-reklama\/","author":{"@type":"Person","@id":"https:\/\/www.afchj.cz\/author\/#Person","name":"","url":"https:\/\/www.afchj.cz\/author\/","identifier":1,"image":{"@type":"ImageObject","@id":"https:\/\/secure.gravatar.com\/avatar\/25a824e14ead2d36aba24b918221841350fb41cea98048e9b1929df8c4bf4bd8?s=96&d=mm&r=g","url":"https:\/\/secure.gravatar.com\/avatar\/25a824e14ead2d36aba24b918221841350fb41cea98048e9b1929df8c4bf4bd8?s=96&d=mm&r=g","height":96,"width":96}},"publisher":{"@type":"Organization","name":"afchj.cz","logo":{"@type":"ImageObject","@id":"\/logo.png","url":"\/logo.png","width":600,"height":60}},"image":{"@type":"ImageObject","@id":"https:\/\/www.afchj.cz\/wp-content\/uploads\/img_a317281_w2421_t1528002487.jpg","url":"https:\/\/www.afchj.cz\/wp-content\/uploads\/img_a317281_w2421_t1528002487.jpg","height":0,"width":0},"keywords":null}]}