{"@context":"https:\/\/schema.org\/","@type":"CollectionPage","@id":"https:\/\/www.afchj.cz\/vyrobky\/#CollectionPage","headline":"V\u00fdrobky Category","description":"","url":"https:\/\/www.afchj.cz\/vyrobky\/","hasPart":[{"@type":"Article","@id":"https:\/\/www.afchj.cz\/milovana-i-zatracovana\/","headline":"Milovan\u00e1 i zatracovan\u00e1","url":"https:\/\/www.afchj.cz\/milovana-i-zatracovana\/","datePublished":"2025-03-29","dateModified":"2025-03-29","mainEntityOfPage":"https:\/\/www.afchj.cz\/milovana-i-zatracovana\/","author":{"@type":"Person","@id":"https:\/\/www.afchj.cz\/author\/#Person","name":"","url":"https:\/\/www.afchj.cz\/author\/","identifier":1,"image":{"@type":"ImageObject","@id":"https:\/\/secure.gravatar.com\/avatar\/25a824e14ead2d36aba24b918221841350fb41cea98048e9b1929df8c4bf4bd8?s=96&d=mm&r=g","url":"https:\/\/secure.gravatar.com\/avatar\/25a824e14ead2d36aba24b918221841350fb41cea98048e9b1929df8c4bf4bd8?s=96&d=mm&r=g","height":96,"width":96}},"publisher":{"@type":"Organization","name":"afchj.cz","logo":{"@type":"ImageObject","@id":"\/logo.png","url":"\/logo.png","width":600,"height":60}},"image":{"@type":"ImageObject","@id":"https:\/\/www.afchj.cz\/wp-content\/uploads\/innocent-4422645_640_10_3.jpg","url":"https:\/\/www.afchj.cz\/wp-content\/uploads\/innocent-4422645_640_10_3.jpg","height":0,"width":0},"keywords":null},{"@type":"Article","@id":"https:\/\/www.afchj.cz\/kdy-a-kde-vyuzit-ochranne-tvrzene-sklo-na-iphone-11\/","headline":"Kdy a kde vyu\u017e\u00edt ochrann\u00e9 tvrzen\u00e9 sklo na iPhone 11","url":"https:\/\/www.afchj.cz\/kdy-a-kde-vyuzit-ochranne-tvrzene-sklo-na-iphone-11\/","datePublished":"2025-03-17","dateModified":"2025-03-17","mainEntityOfPage":"https:\/\/www.afchj.cz\/kdy-a-kde-vyuzit-ochranne-tvrzene-sklo-na-iphone-11\/","author":{"@type":"Person","@id":"https:\/\/www.afchj.cz\/author\/#Person","name":"","url":"https:\/\/www.afchj.cz\/author\/","identifier":1,"image":{"@type":"ImageObject","@id":"https:\/\/secure.gravatar.com\/avatar\/25a824e14ead2d36aba24b918221841350fb41cea98048e9b1929df8c4bf4bd8?s=96&d=mm&r=g","url":"https:\/\/secure.gravatar.com\/avatar\/25a824e14ead2d36aba24b918221841350fb41cea98048e9b1929df8c4bf4bd8?s=96&d=mm&r=g","height":96,"width":96}},"publisher":{"@type":"Organization","name":"afchj.cz","logo":{"@type":"ImageObject","@id":"\/logo.png","url":"\/logo.png","width":600,"height":60}},"image":{"@type":"ImageObject","@id":"https:\/\/www.afchj.cz\/wp-content\/uploads\/plans-1867745_640_2.jpg","url":"https:\/\/www.afchj.cz\/wp-content\/uploads\/plans-1867745_640_2.jpg","height":0,"width":0},"keywords":null},{"@type":"Article","@id":"https:\/\/www.afchj.cz\/vodni-kourove-radovanky\/","headline":"Vodn\u00ed kou\u0159ov\u00e9 radov\u00e1nky","url":"https:\/\/www.afchj.cz\/vodni-kourove-radovanky\/","datePublished":"2025-01-24","dateModified":"2025-01-24","mainEntityOfPage":"https:\/\/www.afchj.cz\/vodni-kourove-radovanky\/","author":{"@type":"Person","@id":"https:\/\/www.afchj.cz\/author\/#Person","name":"","url":"https:\/\/www.afchj.cz\/author\/","identifier":1,"image":{"@type":"ImageObject","@id":"https:\/\/secure.gravatar.com\/avatar\/25a824e14ead2d36aba24b918221841350fb41cea98048e9b1929df8c4bf4bd8?s=96&d=mm&r=g","url":"https:\/\/secure.gravatar.com\/avatar\/25a824e14ead2d36aba24b918221841350fb41cea98048e9b1929df8c4bf4bd8?s=96&d=mm&r=g","height":96,"width":96}},"publisher":{"@type":"Organization","name":"afchj.cz","logo":{"@type":"ImageObject","@id":"\/logo.png","url":"\/logo.png","width":600,"height":60}},"image":{"@type":"ImageObject","@id":"https:\/\/www.afchj.cz\/wp-content\/uploads\/ember-2603463_640_2.jpg","url":"https:\/\/www.afchj.cz\/wp-content\/uploads\/ember-2603463_640_2.jpg","height":0,"width":0},"keywords":null},{"@type":"Article","@id":"https:\/\/www.afchj.cz\/kam-umistit-prenosnou-solarni-sprchu\/","headline":"Kam um\u00edstit p\u0159enosnou sol\u00e1rn\u00ed sprchu","url":"https:\/\/www.afchj.cz\/kam-umistit-prenosnou-solarni-sprchu\/","datePublished":"2024-12-10","dateModified":"2024-12-10","mainEntityOfPage":"https:\/\/www.afchj.cz\/kam-umistit-prenosnou-solarni-sprchu\/","author":{"@type":"Person","@id":"https:\/\/www.afchj.cz\/author\/#Person","name":"","url":"https:\/\/www.afchj.cz\/author\/","identifier":1,"image":{"@type":"ImageObject","@id":"https:\/\/secure.gravatar.com\/avatar\/25a824e14ead2d36aba24b918221841350fb41cea98048e9b1929df8c4bf4bd8?s=96&d=mm&r=g","url":"https:\/\/secure.gravatar.com\/avatar\/25a824e14ead2d36aba24b918221841350fb41cea98048e9b1929df8c4bf4bd8?s=96&d=mm&r=g","height":96,"width":96}},"publisher":{"@type":"Organization","name":"afchj.cz","logo":{"@type":"ImageObject","@id":"\/logo.png","url":"\/logo.png","width":600,"height":60}},"image":{"@type":"ImageObject","@id":"https:\/\/www.afchj.cz\/wp-content\/uploads\/rain-316579_640.jpg","url":"https:\/\/www.afchj.cz\/wp-content\/uploads\/rain-316579_640.jpg","height":0,"width":0},"keywords":null},{"@type":"Article","@id":"https:\/\/www.afchj.cz\/jak-se-dela-zelezo\/","headline":"Jak se d\u011bl\u00e1 \u017eelezo","url":"https:\/\/www.afchj.cz\/jak-se-dela-zelezo\/","datePublished":"2024-11-27","dateModified":"2024-11-27","mainEntityOfPage":"https:\/\/www.afchj.cz\/jak-se-dela-zelezo\/","author":{"@type":"Person","@id":"https:\/\/www.afchj.cz\/author\/#Person","name":"","url":"https:\/\/www.afchj.cz\/author\/","identifier":1,"image":{"@type":"ImageObject","@id":"https:\/\/secure.gravatar.com\/avatar\/25a824e14ead2d36aba24b918221841350fb41cea98048e9b1929df8c4bf4bd8?s=96&d=mm&r=g","url":"https:\/\/secure.gravatar.com\/avatar\/25a824e14ead2d36aba24b918221841350fb41cea98048e9b1929df8c4bf4bd8?s=96&d=mm&r=g","height":96,"width":96}},"publisher":{"@type":"Organization","name":"afchj.cz","logo":{"@type":"ImageObject","@id":"\/logo.png","url":"\/logo.png","width":600,"height":60}},"image":{"@type":"ImageObject","@id":"https:\/\/www.afchj.cz\/wp-content\/uploads\/iron-pour-4264156_640.jpg","url":"https:\/\/www.afchj.cz\/wp-content\/uploads\/iron-pour-4264156_640.jpg","height":0,"width":0},"keywords":null},{"@type":"Article","@id":"https:\/\/www.afchj.cz\/proc-vsadit-na-kraftovy-balici-papir\/","headline":"Pro\u010d vsadit na kraftov\u00fd balic\u00ed pap\u00edr","url":"https:\/\/www.afchj.cz\/proc-vsadit-na-kraftovy-balici-papir\/","datePublished":"2024-11-19","dateModified":"2024-11-19","mainEntityOfPage":"https:\/\/www.afchj.cz\/proc-vsadit-na-kraftovy-balici-papir\/","author":{"@type":"Person","@id":"https:\/\/www.afchj.cz\/author\/#Person","name":"","url":"https:\/\/www.afchj.cz\/author\/","identifier":1,"image":{"@type":"ImageObject","@id":"https:\/\/secure.gravatar.com\/avatar\/25a824e14ead2d36aba24b918221841350fb41cea98048e9b1929df8c4bf4bd8?s=96&d=mm&r=g","url":"https:\/\/secure.gravatar.com\/avatar\/25a824e14ead2d36aba24b918221841350fb41cea98048e9b1929df8c4bf4bd8?s=96&d=mm&r=g","height":96,"width":96}},"publisher":{"@type":"Organization","name":"afchj.cz","logo":{"@type":"ImageObject","@id":"\/logo.png","url":"\/logo.png","width":600,"height":60}},"image":{"@type":"ImageObject","@id":"https:\/\/www.afchj.cz\/wp-content\/uploads\/paper-3155438_640.jpg","url":"https:\/\/www.afchj.cz\/wp-content\/uploads\/paper-3155438_640.jpg","height":0,"width":0},"keywords":null},{"@type":"Article","@id":"https:\/\/www.afchj.cz\/nevzdavejme-se-bez-boje\/","headline":"Nevzd\u00e1vejme se bez boje","url":"https:\/\/www.afchj.cz\/nevzdavejme-se-bez-boje\/","datePublished":"2024-11-09","dateModified":"2024-11-09","mainEntityOfPage":"https:\/\/www.afchj.cz\/nevzdavejme-se-bez-boje\/","author":{"@type":"Person","@id":"https:\/\/www.afchj.cz\/author\/#Person","name":"","url":"https:\/\/www.afchj.cz\/author\/","identifier":1,"image":{"@type":"ImageObject","@id":"https:\/\/secure.gravatar.com\/avatar\/25a824e14ead2d36aba24b918221841350fb41cea98048e9b1929df8c4bf4bd8?s=96&d=mm&r=g","url":"https:\/\/secure.gravatar.com\/avatar\/25a824e14ead2d36aba24b918221841350fb41cea98048e9b1929df8c4bf4bd8?s=96&d=mm&r=g","height":96,"width":96}},"publisher":{"@type":"Organization","name":"afchj.cz","logo":{"@type":"ImageObject","@id":"\/logo.png","url":"\/logo.png","width":600,"height":60}},"image":{"@type":"ImageObject","@id":"https:\/\/www.afchj.cz\/wp-content\/uploads\/eeeeeeeeeeeeeeeeeeeeeeee_10_8.jpg","url":"https:\/\/www.afchj.cz\/wp-content\/uploads\/eeeeeeeeeeeeeeeeeeeeeeee_10_8.jpg","height":0,"width":0},"keywords":null},{"@type":"Article","@id":"https:\/\/www.afchj.cz\/jak-si-pomoci-od-bolesti-bricha\/","headline":"Jak si pomoci od bolesti b\u0159icha?","url":"https:\/\/www.afchj.cz\/jak-si-pomoci-od-bolesti-bricha\/","datePublished":"2024-10-22","dateModified":"2024-10-22","mainEntityOfPage":"https:\/\/www.afchj.cz\/jak-si-pomoci-od-bolesti-bricha\/","author":{"@type":"Person","@id":"https:\/\/www.afchj.cz\/author\/#Person","name":"","url":"https:\/\/www.afchj.cz\/author\/","identifier":1,"image":{"@type":"ImageObject","@id":"https:\/\/secure.gravatar.com\/avatar\/25a824e14ead2d36aba24b918221841350fb41cea98048e9b1929df8c4bf4bd8?s=96&d=mm&r=g","url":"https:\/\/secure.gravatar.com\/avatar\/25a824e14ead2d36aba24b918221841350fb41cea98048e9b1929df8c4bf4bd8?s=96&d=mm&r=g","height":96,"width":96}},"publisher":{"@type":"Organization","name":"afchj.cz","logo":{"@type":"ImageObject","@id":"\/logo.png","url":"\/logo.png","width":600,"height":60}},"image":{"@type":"ImageObject","@id":"https:\/\/www.afchj.cz\/wp-content\/uploads\/yuris-alhumaydy-mSXMHkgRs8s-unsplash.jpg","url":"https:\/\/www.afchj.cz\/wp-content\/uploads\/yuris-alhumaydy-mSXMHkgRs8s-unsplash.jpg","height":0,"width":0},"keywords":null},{"@type":"Article","@id":"https:\/\/www.afchj.cz\/funkcni-nebo-jen-designova-zalezitost\/","headline":"Funk\u010dn\u00ed nebo jen designov\u00e1 z\u00e1le\u017eitost","url":"https:\/\/www.afchj.cz\/funkcni-nebo-jen-designova-zalezitost\/","datePublished":"2024-07-21","dateModified":"2024-07-21","mainEntityOfPage":"https:\/\/www.afchj.cz\/funkcni-nebo-jen-designova-zalezitost\/","author":{"@type":"Person","@id":"https:\/\/www.afchj.cz\/author\/#Person","name":"","url":"https:\/\/www.afchj.cz\/author\/","identifier":1,"image":{"@type":"ImageObject","@id":"https:\/\/secure.gravatar.com\/avatar\/25a824e14ead2d36aba24b918221841350fb41cea98048e9b1929df8c4bf4bd8?s=96&d=mm&r=g","url":"https:\/\/secure.gravatar.com\/avatar\/25a824e14ead2d36aba24b918221841350fb41cea98048e9b1929df8c4bf4bd8?s=96&d=mm&r=g","height":96,"width":96}},"publisher":{"@type":"Organization","name":"afchj.cz","logo":{"@type":"ImageObject","@id":"\/logo.png","url":"\/logo.png","width":600,"height":60}},"image":{"@type":"ImageObject","@id":"https:\/\/www.afchj.cz\/wp-content\/uploads\/parapet_N9lCn0.png","url":"https:\/\/www.afchj.cz\/wp-content\/uploads\/parapet_N9lCn0.png","height":0,"width":0},"keywords":null},{"@type":"Article","@id":"https:\/\/www.afchj.cz\/nad-dobry-sex-neni\/","headline":"Nad dobr\u00fd sex nen\u00ed","url":"https:\/\/www.afchj.cz\/nad-dobry-sex-neni\/","datePublished":"2024-04-20","dateModified":"2024-05-29","mainEntityOfPage":"https:\/\/www.afchj.cz\/nad-dobry-sex-neni\/","author":{"@type":"Person","@id":"https:\/\/www.afchj.cz\/author\/#Person","name":"","url":"https:\/\/www.afchj.cz\/author\/","identifier":1,"image":{"@type":"ImageObject","@id":"https:\/\/secure.gravatar.com\/avatar\/25a824e14ead2d36aba24b918221841350fb41cea98048e9b1929df8c4bf4bd8?s=96&d=mm&r=g","url":"https:\/\/secure.gravatar.com\/avatar\/25a824e14ead2d36aba24b918221841350fb41cea98048e9b1929df8c4bf4bd8?s=96&d=mm&r=g","height":96,"width":96}},"publisher":{"@type":"Organization","name":"afchj.cz","logo":{"@type":"ImageObject","@id":"\/logo.png","url":"\/logo.png","width":600,"height":60}},"image":{"@type":"ImageObject","@id":"https:\/\/www.afchj.cz\/wp-content\/uploads\/eeeeeeeeeeeeeeeeeeeeeeeeeeeee_10_4.jpg","url":"https:\/\/www.afchj.cz\/wp-content\/uploads\/eeeeeeeeeeeeeeeeeeeeeeeeeeeee_10_4.jpg","height":0,"width":0},"keywords":null}]}