[{"@context":"https:\/\/schema.org\/","@type":"Article","@id":"https:\/\/www.afchj.cz\/vlastni-prostory-snadno-a-levne\/#Article","mainEntityOfPage":"https:\/\/www.afchj.cz\/vlastni-prostory-snadno-a-levne\/","headline":"Vlastn\u00ed prostory snadno a levn\u011b","name":"Vlastn\u00ed prostory snadno a levn\u011b","description":"Rozj\u00ed\u017ed\u00edte vlastn\u00ed firmu a nejv\u011bt\u0161\u00ed starost v\u00e1m d\u011blaj\u00ed finance? M\u016f\u017eeme za v\u00e1s vy\u0159e\u0161it t\u0159eba probl\u00e9m s prostory, kter\u00e9 obvykle b\u00fdvaj\u00ed n\u00e1kladn\u00e9. Mo\u017en\u00e1 jste fyzick\u00e1 osoba \u010di mal\u00e1 firma a pot\u0159ebujete n\u011bjak\u00e9 s\u00eddlo, kter\u00e9 by mohlo plnohodnotn\u011b fungovat, ale nev\u00edte, jak to vy\u0159e\u0161it s finan\u010dn\u00edmi n\u00e1klady. Pr\u00e1v\u011b s t\u00edmto probl\u00e9mem m\u00e1me...","datePublished":"2021-11-11","dateModified":"2021-11-11","author":{"@type":"Person","@id":"https:\/\/www.afchj.cz\/author\/#Person","name":"","url":"https:\/\/www.afchj.cz\/author\/","identifier":1,"image":{"@type":"ImageObject","@id":"https:\/\/secure.gravatar.com\/avatar\/25a824e14ead2d36aba24b918221841350fb41cea98048e9b1929df8c4bf4bd8?s=96&d=mm&r=g","url":"https:\/\/secure.gravatar.com\/avatar\/25a824e14ead2d36aba24b918221841350fb41cea98048e9b1929df8c4bf4bd8?s=96&d=mm&r=g","height":96,"width":96}},"publisher":{"@type":"Organization","name":"afchj.cz","logo":{"@type":"ImageObject","@id":"\/logo.png","url":"\/logo.png","width":600,"height":60}},"image":{"@type":"ImageObject","@id":"https:\/\/www.afchj.cz\/wp-content\/uploads\/pexels-katerina-holmes-5905445.jpg","url":"https:\/\/www.afchj.cz\/wp-content\/uploads\/pexels-katerina-holmes-5905445.jpg","height":0,"width":0},"url":"https:\/\/www.afchj.cz\/vlastni-prostory-snadno-a-levne\/","about":["Byznys"],"wordCount":465,"articleBody":"   Rozj\u00ed\u017ed\u00edte vlastn\u00ed firmu a nejv\u011bt\u0161\u00ed starost v\u00e1m d\u011blaj\u00ed finance? M\u016f\u017eeme za v\u00e1s vy\u0159e\u0161it t\u0159eba probl\u00e9m s prostory, kter\u00e9 obvykle b\u00fdvaj\u00ed n\u00e1kladn\u00e9. Mo\u017en\u00e1 jste fyzick\u00e1 osoba \u010di mal\u00e1 firma a pot\u0159ebujete n\u011bjak\u00e9 s\u00eddlo, kter\u00e9 by mohlo plnohodnotn\u011b fungovat, ale nev\u00edte, jak to vy\u0159e\u0161it s finan\u010dn\u00edmi n\u00e1klady. Pr\u00e1v\u011b s t\u00edmto probl\u00e9mem m\u00e1me pro v\u00e1s \u0159e\u0161en\u00ed! Zajist\u00edme pro v\u00e1s prostory, kter\u00e9 m\u016f\u017eete vyu\u017e\u00edvat jako va\u0161e s\u00eddlo firmy, a to se v\u0161\u00edm v\u0161udy! Kdy\u017e u n\u00e1s z\u00edsk\u00e1te s\u00eddlo va\u0161\u00ed firmy, mysl\u00edme t\u00edm skute\u010dn\u00e9 prostory, kter\u00e9 funguj\u00ed plnohodnotn\u011b! T\u00edm je my\u0161leno, \u017ee v\u00e1m budou k dispozici i konferen\u010dn\u00ed s\u00e1ly pro va\u0161e setk\u00e1v\u00e1n\u00ed s klienty. Nab\u00eddneme v\u00e1m a\u017e dev\u011bt m\u00edstnost\u00ed pro va\u0161e konferen\u010dn\u00ed jedn\u00e1n\u00ed. Tak\u00e9 v\u00e1m zajist\u00edme ve\u0161ker\u00e9 p\u0159eb\u00edr\u00e1n\u00ed a vy\u0159izov\u00e1n\u00ed va\u0161\u00ed korespondence. To znamen\u00e1, \u017ee pokud v\u00e1m p\u0159ijde jak\u00e1koli z\u00e1silka \u2013 dopis \u010di bal\u00edk, tak je za v\u00e1s p\u0159ebereme, evidujeme a v\u00e1m d\u00e1me ihned v\u011bd\u011bt o jeho dod\u00e1n\u00ed. Samoz\u0159ejm\u011b v\u00e1m na po\u017e\u00e1d\u00e1n\u00ed m\u016f\u017eeme po\u0161tu p\u0159eposlat na va\u0161i po\u017eadovanou adresu. Na va\u0161e p\u0159\u00e1n\u00ed v\u00e1m tak\u00e9 naskenujeme jak\u00e9koli dokumenty a v\u0161e \u0159\u00e1dn\u011b zaevidujeme.  Jestli\u017ee m\u00e1te v pl\u00e1nu zapo\u010d\u00edt va\u0161e podnik\u00e1n\u00ed v Ostrav\u011b \u010di v jeho bl\u00edzk\u00e9m okol\u00ed, nab\u00edz\u00edme v\u00e1m prostory p\u0159\u00edmo v samotn\u00e9 Ostrav\u011b. Tyto slu\u017eby v\u00e1m poskytujeme za pouh\u00fdch 250 K\u010d na m\u011bs\u00edc. Nemus\u00edte se b\u00e1t \u017e\u00e1dn\u00fdch skryt\u00fdch poplatk\u016f. V t\u00e9to cen\u011b je zapo\u010dteno v\u0161e v\u00fd\u0161e zm\u00edn\u011bn\u00e9. Vy\u0159\u00edd\u00edme pro v\u00e1s neomezen\u00fd po\u010det korespondence a \u017e\u00e1dn\u00e9 poplatky na v\u00edc za to ne\u017e\u00e1d\u00e1me! V\u0161e zdarma na po\u017e\u00e1d\u00e1n\u00ed i naskenujeme. Vy m\u016f\u017eete vyu\u017e\u00edt bezplatn\u00fd vstup do na\u0161ich konferen\u010dn\u00edch m\u00edstnost\u00ed. Dokonce je m\u016f\u017eete vyu\u017e\u00edt i v zahrani\u010d\u00ed, kdy\u017e budete pot\u0159ebovat! Kontakt kancelar29.cz se\u017eene ihned a na spolupr\u00e1ci se takt\u00e9\u017e neprodlen\u011b domluv\u00edme. Nepot\u0159ebujeme \u017e\u00e1dn\u00e9 velk\u00e9 formality. Sta\u010d\u00ed podepsat smlouvu a na\u0161e setk\u00e1n\u00ed potrv\u00e1 maxim\u00e1ln\u011b 20 minut! Ve\u0161ker\u00e9 dal\u0161\u00ed informace se do\u010dtete na na\u0161ich webov\u00fdch str\u00e1nk\u00e1ch, p\u0159\u00edpadn\u011b nev\u00e1hejte vyu\u017e\u00edt uveden\u00fd kontakt a ve v\u0161em v\u00e1m porad\u00edme a spole\u010dn\u011b se dohodneme na t\u00e9 nejvhodn\u011bj\u0161\u00ed variant\u011b pro va\u0161e podnik\u00e1n\u00ed!                                                                                                                                                                                                                                                                                                                                                                                                   "},{"@context":"https:\/\/schema.org\/","@type":"BreadcrumbList","itemListElement":[{"@type":"ListItem","position":1,"name":"Vlastn\u00ed prostory snadno a levn\u011b","item":"https:\/\/www.afchj.cz\/vlastni-prostory-snadno-a-levne\/#breadcrumbitem"}]}]