[{"@context":"https:\/\/schema.org\/","@type":"Article","@id":"https:\/\/www.afchj.cz\/skutecne-jsou-auta-takovym-znecistovatelem-zivotniho-prostredi\/#Article","mainEntityOfPage":"https:\/\/www.afchj.cz\/skutecne-jsou-auta-takovym-znecistovatelem-zivotniho-prostredi\/","headline":"Skute\u010dn\u011b jsou auta takov\u00fdm zne\u010di\u0161\u0165ovatelem \u017eivotn\u00edho prost\u0159ed\u00ed?","name":"Skute\u010dn\u011b jsou auta takov\u00fdm zne\u010di\u0161\u0165ovatelem \u017eivotn\u00edho prost\u0159ed\u00ed?","description":"Jednou z&Acirc;&nbsp;nejv&Auml;&#8250;t&Aring;&iexcl;&Atilde;&shy;ch kontroverz&Atilde;&shy; v&Acirc;&nbsp;posledn&Atilde;&shy; dob&Auml;&#8250; je pl&Atilde;&iexcl;novan&Atilde;&frac12; p&Aring;&#8482;echod z&Acirc;&nbsp;automobil&Aring;&macr; se spalovac&Atilde;&shy;m motorem na ty elektrick&Atilde;&copy;. To se setk&Atilde;&iexcl;v&Atilde;&iexcl; s&Acirc;&nbsp;nevol&Atilde;&shy; mnoha &Aring;&#8482;idi&Auml;&Aring;&macr;, kte&Aring;&#8482;&Atilde;&shy; poukazuj&Atilde;&shy; na zjevn&Atilde;&copy; nev&Atilde;&frac12;hody elektrick&Atilde;&frac12;ch automobil&Aring;&macr;. &Acirc;&nbsp; &Acirc;&nbsp; D&Aring;&macr;vodem, pro&Auml; se vl&Atilde;&iexcl;dy k&Acirc;&nbsp;tomuto kroku odhodlaly, je snaha zlep&Aring;&iexcl;it &Aring;&frac34;ivotn&Atilde;&shy; prost&Aring;&#8482;ed&Atilde;&shy; a omezit produkci &Aring;&iexcl;kodliv&Atilde;&frac12;ch plyn&Aring;&macr;. Zde se v&Aring;&iexcl;ak...","datePublished":"2022-11-28","dateModified":"2023-09-28","author":{"@type":"Person","@id":"https:\/\/www.afchj.cz\/author\/#Person","name":"","url":"https:\/\/www.afchj.cz\/author\/","identifier":1,"image":{"@type":"ImageObject","@id":"https:\/\/secure.gravatar.com\/avatar\/25a824e14ead2d36aba24b918221841350fb41cea98048e9b1929df8c4bf4bd8?s=96&d=mm&r=g","url":"https:\/\/secure.gravatar.com\/avatar\/25a824e14ead2d36aba24b918221841350fb41cea98048e9b1929df8c4bf4bd8?s=96&d=mm&r=g","height":96,"width":96}},"publisher":{"@type":"Organization","name":"afchj.cz","logo":{"@type":"ImageObject","@id":"\/logo.png","url":"\/logo.png","width":600,"height":60}},"image":{"@type":"ImageObject","@id":"https:\/\/www.afchj.cz\/wp-content\/uploads\/auto2_10_10_10_10_6.jpg","url":"https:\/\/www.afchj.cz\/wp-content\/uploads\/auto2_10_10_10_10_6.jpg","height":0,"width":0},"url":"https:\/\/www.afchj.cz\/skutecne-jsou-auta-takovym-znecistovatelem-zivotniho-prostredi\/","about":["Auto"],"wordCount":802,"articleBody":"Jednou z&Acirc;&nbsp;nejv&Auml;&#8250;t&Aring;&iexcl;&Atilde;&shy;ch kontroverz&Atilde;&shy; v&Acirc;&nbsp;posledn&Atilde;&shy; dob&Auml;&#8250; je pl&Atilde;&iexcl;novan&Atilde;&frac12; p&Aring;&#8482;echod z&Acirc;&nbsp;automobil&Aring;&macr; se spalovac&Atilde;&shy;m motorem na ty elektrick&Atilde;&copy;. To se setk&Atilde;&iexcl;v&Atilde;&iexcl; s&Acirc;&nbsp;nevol&Atilde;&shy; mnoha &Aring;&#8482;idi&Auml;&Aring;&macr;, kte&Aring;&#8482;&Atilde;&shy; poukazuj&Atilde;&shy; na zjevn&Atilde;&copy; nev&Atilde;&frac12;hody elektrick&Atilde;&frac12;ch automobil&Aring;&macr;.&Acirc;&nbsp;&Acirc;&nbsp;D&Aring;&macr;vodem, pro&Auml; se vl&Atilde;&iexcl;dy k&Acirc;&nbsp;tomuto kroku odhodlaly, je snaha zlep&Aring;&iexcl;it &Aring;&frac34;ivotn&Atilde;&shy; prost&Aring;&#8482;ed&Atilde;&shy; a omezit produkci &Aring;&iexcl;kodliv&Atilde;&frac12;ch plyn&Aring;&macr;. Zde se v&Aring;&iexcl;ak nab&Atilde;&shy;z&Atilde;&shy; ot&Atilde;&iexcl;zka, zda je to skute&Auml;n&Auml;&#8250; &Atilde;&ordm;&Auml;inn&Atilde;&copy;. P&Aring;&#8482;eci jen, existuj&Atilde;&shy; zdroje, kter&Atilde;&copy; t&Auml;&#8250;chto &Aring;&iexcl;kodlivin vypou&Aring;&iexcl;t&Atilde;&shy; do atmosf&Atilde;&copy;ry mnohem v&Atilde;&shy;ce. Pro&Auml; se tedy neomezuj&Atilde;&shy; nap&Aring;&#8482;&Atilde;&shy;klad tov&Atilde;&iexcl;rny a jin&Atilde;&copy; provozy?&Acirc;&nbsp;Zde je v&Aring;&iexcl;ak pot&Aring;&#8482;eba uv&Auml;&#8250;domit si jednu mali&Auml;kost. Tou je fakt, &Aring;&frac34;e jeden automobil sice tolik emis&Atilde;&shy; nevyprodukuje, zvl&Atilde;&iexcl;&Aring;&iexcl;t&Auml;&#8250; ve srovn&Atilde;&iexcl;n&Atilde;&shy; s&Acirc;&nbsp;v&Atilde;&frac12;&Aring;&iexcl;e zm&Atilde;&shy;n&Auml;&#8250;n&Atilde;&frac12;mi zdroji. Av&Aring;&iexcl;ak vozidel je nejen na na&Aring;&iexcl;ich silnic&Atilde;&shy;ch skute&Auml;n&Auml;&#8250; velk&Atilde;&copy; mno&Aring;&frac34;stv&Atilde;&shy;, a kdy&Aring;&frac34; se emise v&Aring;&iexcl;ech t&Auml;&#8250;chto stroj&Aring;&macr; se&Auml;tou, najednou je to &Auml;&Atilde;&shy;slo mnohem vy&Aring;&iexcl;&Aring;&iexcl;&Atilde;&shy;.&Acirc;&nbsp;&Acirc;&nbsp;Samoz&Aring;&#8482;ejm&Auml;&#8250; lze nam&Atilde;&shy;tnout, &Aring;&frac34;e v&Atilde;&frac12;roba elektromobil&Aring;&macr; tak&Atilde;&copy; nen&Atilde;&shy; zrovna ekologick&Atilde;&iexcl;. Nav&Atilde;&shy;c je tu i fakt, &Aring;&frac34;e baterie vydr&Aring;&frac34;&Atilde;&shy; pouze p&Aring;&#8482;ibli&Aring;&frac34;n&Auml;&#8250; 10 let, ne&Aring;&frac34; je pot&Aring;&#8482;eba ji vym&Auml;&#8250;nit a n&Atilde;&iexcl;sledn&Auml;&#8250; tu starou zlikvidovat, co&Aring;&frac34; &Aring;&frac34;ivotn&Atilde;&shy;mu prost&Aring;&#8482;ed&Atilde;&shy; tak&Atilde;&copy; p&Aring;&#8482;&Atilde;&shy;li&Aring;&iexcl; neprosp&Atilde;&shy;v&Atilde;&iexcl;. Av&Aring;&iexcl;ak i kdy&Aring;&frac34; se pod&Atilde;&shy;v&Atilde;&iexcl;me na ve&Aring;&iexcl;ker&Atilde;&iexcl; tato negativa, zjist&Atilde;&shy;me, &Aring;&frac34;e skute&Auml;n&Auml;&#8250; je emis&Atilde;&shy; vyprodukov&Atilde;&iexcl;no mnohem m&Atilde;&copy;n&Auml;&#8250;, a to je hlavn&Atilde;&shy;m c&Atilde;&shy;lem.&Acirc;&nbsp;Nav&Atilde;&shy;c je pot&Aring;&#8482;eba po&Auml;&Atilde;&shy;tat s&Acirc;&nbsp;t&Atilde;&shy;m, &Aring;&frac34;e jak je vyv&Atilde;&shy;jen tlak k&Acirc;&nbsp;p&Aring;&#8482;echodu na elektromobilou, bude se i technologie nad&Atilde;&iexcl;le vyv&Atilde;&shy;jet, a to pom&Auml;&#8250;rn&Auml;&#8250; rychl&Atilde;&frac12;m tempem. To povede ke sn&Atilde;&shy;&Aring;&frac34;en&Atilde;&shy; cen a tak&Atilde;&copy; k&Acirc;&nbsp;odstran&Auml;&#8250;n&Atilde;&shy; v&Atilde;&frac12;&Aring;&iexcl;e zm&Atilde;&shy;n&Auml;&#8250;n&Atilde;&frac12;ch nedostatk&Aring;&macr;. Proto se elektromobilita stane ji&Aring;&frac34; v&Acirc;&nbsp;nedalek&Atilde;&copy; budoucnosti mnohem dostupn&Auml;&#8250;j&Aring;&iexcl;&Atilde;&shy;.&Acirc;&nbsp;Vzhledem ke stavu na&Aring;&iexcl;&Atilde;&shy; planety bychom proto na ni nem&Auml;&#8250;li &Aring;&frac34;ehrat. Nam&Atilde;&shy;sto toho bychom m&Auml;&#8250;li p&Aring;&#8482;ijmout ka&Aring;&frac34;dou v&Auml;&#8250;c, kter&Atilde;&iexcl; n&Atilde;&iexcl;m pom&Aring;&macr;&Aring;&frac34;e zlep&Aring;&iexcl;it na&Aring;&iexcl;e &Aring;&frac34;ivotn&Atilde;&shy; prost&Aring;&#8482;ed&Atilde;&shy;. Je toti&Aring;&frac34; ji&Aring;&frac34; jasn&Atilde;&copy;, &Aring;&frac34;e nebude dlouho trvat, a &Aring;&iexcl;kody budou nenapraviteln&Atilde;&copy;. A tomu bychom se m&Auml;&#8250;li ve vlastn&Atilde;&shy;m z&Atilde;&iexcl;jmu sna&Aring;&frac34;it zabr&Atilde;&iexcl;nit. P&Aring;&#8482;eci jen jde o sv&Auml;&#8250;t, ve kter&Atilde;&copy;m budou &Aring;&frac34;&Atilde;&shy;t na&Aring;&iexcl;e d&Auml;&#8250;ti a vnou&Auml;ata.                                                                                                                                                                                                                                                                                                                                                                                        4.2\/5 - (9 votes)        "},{"@context":"https:\/\/schema.org\/","@type":"BreadcrumbList","itemListElement":[{"@type":"ListItem","position":1,"name":"Skute\u010dn\u011b jsou auta takov\u00fdm zne\u010di\u0161\u0165ovatelem \u017eivotn\u00edho prost\u0159ed\u00ed?","item":"https:\/\/www.afchj.cz\/skutecne-jsou-auta-takovym-znecistovatelem-zivotniho-prostredi\/#breadcrumbitem"}]}]