{"@context":"https:\/\/schema.org\/","@type":"CollectionPage","@id":"https:\/\/www.afchj.cz\/penize\/#CollectionPage","headline":"Pen\u00edze Category","description":"","url":"https:\/\/www.afchj.cz\/penize\/","hasPart":[{"@type":"Article","@id":"https:\/\/www.afchj.cz\/hypoteka-versus-bydleni-v-pronajatem-dome\/","headline":"Hypot\u00e9ka versus bydlen\u00ed v pronajat\u00e9m dom\u011b","url":"https:\/\/www.afchj.cz\/hypoteka-versus-bydleni-v-pronajatem-dome\/","datePublished":"2024-11-05","dateModified":"2024-11-05","mainEntityOfPage":"https:\/\/www.afchj.cz\/hypoteka-versus-bydleni-v-pronajatem-dome\/","author":{"@type":"Person","@id":"https:\/\/www.afchj.cz\/author\/#Person","name":"","url":"https:\/\/www.afchj.cz\/author\/","identifier":1,"image":{"@type":"ImageObject","@id":"https:\/\/secure.gravatar.com\/avatar\/25a824e14ead2d36aba24b918221841350fb41cea98048e9b1929df8c4bf4bd8?s=96&d=mm&r=g","url":"https:\/\/secure.gravatar.com\/avatar\/25a824e14ead2d36aba24b918221841350fb41cea98048e9b1929df8c4bf4bd8?s=96&d=mm&r=g","height":96,"width":96}},"publisher":{"@type":"Organization","name":"afchj.cz","logo":{"@type":"ImageObject","@id":"\/logo.png","url":"\/logo.png","width":600,"height":60}},"image":{"@type":"ImageObject","@id":"https:\/\/www.afchj.cz\/wp-content\/uploads\/keys-5238834_640_1.jpg","url":"https:\/\/www.afchj.cz\/wp-content\/uploads\/keys-5238834_640_1.jpg","height":0,"width":0},"keywords":null},{"@type":"Article","@id":"https:\/\/www.afchj.cz\/zivotni-volba-je-vzdy-na-nas\/","headline":"\u017divotn\u00ed volba je v\u017edy na n\u00e1s","url":"https:\/\/www.afchj.cz\/zivotni-volba-je-vzdy-na-nas\/","datePublished":"2024-04-15","dateModified":"2024-04-15","mainEntityOfPage":"https:\/\/www.afchj.cz\/zivotni-volba-je-vzdy-na-nas\/","author":{"@type":"Person","@id":"https:\/\/www.afchj.cz\/author\/#Person","name":"","url":"https:\/\/www.afchj.cz\/author\/","identifier":1,"image":{"@type":"ImageObject","@id":"https:\/\/secure.gravatar.com\/avatar\/25a824e14ead2d36aba24b918221841350fb41cea98048e9b1929df8c4bf4bd8?s=96&d=mm&r=g","url":"https:\/\/secure.gravatar.com\/avatar\/25a824e14ead2d36aba24b918221841350fb41cea98048e9b1929df8c4bf4bd8?s=96&d=mm&r=g","height":96,"width":96}},"publisher":{"@type":"Organization","name":"afchj.cz","logo":{"@type":"ImageObject","@id":"\/logo.png","url":"\/logo.png","width":600,"height":60}},"image":{"@type":"ImageObject","@id":"https:\/\/www.afchj.cz\/wp-content\/uploads\/money-496229_1280_10_10_10_10_10_10_10_10_10_6.jpg","url":"https:\/\/www.afchj.cz\/wp-content\/uploads\/money-496229_1280_10_10_10_10_10_10_10_10_10_6.jpg","height":0,"width":0},"keywords":null},{"@type":"Article","@id":"https:\/\/www.afchj.cz\/byt-v-bytovce\/","headline":"Byt v bytovce","url":"https:\/\/www.afchj.cz\/byt-v-bytovce\/","datePublished":"2023-06-26","dateModified":"2023-07-26","mainEntityOfPage":"https:\/\/www.afchj.cz\/byt-v-bytovce\/","author":{"@type":"Person","@id":"https:\/\/www.afchj.cz\/author\/#Person","name":"","url":"https:\/\/www.afchj.cz\/author\/","identifier":1,"image":{"@type":"ImageObject","@id":"https:\/\/secure.gravatar.com\/avatar\/25a824e14ead2d36aba24b918221841350fb41cea98048e9b1929df8c4bf4bd8?s=96&d=mm&r=g","url":"https:\/\/secure.gravatar.com\/avatar\/25a824e14ead2d36aba24b918221841350fb41cea98048e9b1929df8c4bf4bd8?s=96&d=mm&r=g","height":96,"width":96}},"publisher":{"@type":"Organization","name":"afchj.cz","logo":{"@type":"ImageObject","@id":"\/logo.png","url":"\/logo.png","width":600,"height":60}},"image":{"@type":"ImageObject","@id":"https:\/\/www.afchj.cz\/wp-content\/uploads\/open-house-2328984_1280_2.jpg","url":"https:\/\/www.afchj.cz\/wp-content\/uploads\/open-house-2328984_1280_2.jpg","height":0,"width":0},"keywords":null},{"@type":"Article","@id":"https:\/\/www.afchj.cz\/nikdo-vas-nemusi-omezovat\/","headline":"Nikdo v\u00e1s nemus\u00ed omezovat","url":"https:\/\/www.afchj.cz\/nikdo-vas-nemusi-omezovat\/","datePublished":"2023-04-24","dateModified":"2023-05-31","mainEntityOfPage":"https:\/\/www.afchj.cz\/nikdo-vas-nemusi-omezovat\/","author":{"@type":"Person","@id":"https:\/\/www.afchj.cz\/author\/#Person","name":"","url":"https:\/\/www.afchj.cz\/author\/","identifier":1,"image":{"@type":"ImageObject","@id":"https:\/\/secure.gravatar.com\/avatar\/25a824e14ead2d36aba24b918221841350fb41cea98048e9b1929df8c4bf4bd8?s=96&d=mm&r=g","url":"https:\/\/secure.gravatar.com\/avatar\/25a824e14ead2d36aba24b918221841350fb41cea98048e9b1929df8c4bf4bd8?s=96&d=mm&r=g","height":96,"width":96}},"publisher":{"@type":"Organization","name":"afchj.cz","logo":{"@type":"ImageObject","@id":"\/logo.png","url":"\/logo.png","width":600,"height":60}},"image":{"@type":"ImageObject","@id":"https:\/\/www.afchj.cz\/wp-content\/uploads\/gar%C3%A1%C5%BE%20s%20mechanikem_1.png","url":"https:\/\/www.afchj.cz\/wp-content\/uploads\/gar%C3%A1%C5%BE%20s%20mechanikem_1.png","height":0,"width":0},"keywords":null},{"@type":"Article","@id":"https:\/\/www.afchj.cz\/kdyz-si-je-treba-pujcit\/","headline":"Kdy\u017e si je t\u0159eba p\u016fj\u010dit","url":"https:\/\/www.afchj.cz\/kdyz-si-je-treba-pujcit\/","datePublished":"2020-12-15","dateModified":"2020-12-15","mainEntityOfPage":"https:\/\/www.afchj.cz\/kdyz-si-je-treba-pujcit\/","author":{"@type":"Person","@id":"https:\/\/www.afchj.cz\/author\/#Person","name":"","url":"https:\/\/www.afchj.cz\/author\/","identifier":1,"image":{"@type":"ImageObject","@id":"https:\/\/secure.gravatar.com\/avatar\/25a824e14ead2d36aba24b918221841350fb41cea98048e9b1929df8c4bf4bd8?s=96&d=mm&r=g","url":"https:\/\/secure.gravatar.com\/avatar\/25a824e14ead2d36aba24b918221841350fb41cea98048e9b1929df8c4bf4bd8?s=96&d=mm&r=g","height":96,"width":96}},"publisher":{"@type":"Organization","name":"afchj.cz","logo":{"@type":"ImageObject","@id":"\/logo.png","url":"\/logo.png","width":600,"height":60}},"image":{"@type":"ImageObject","@id":"https:\/\/www.afchj.cz\/wp-content\/uploads\/star%C3%A9%20mince.jpg","url":"https:\/\/www.afchj.cz\/wp-content\/uploads\/star%C3%A9%20mince.jpg","height":0,"width":0},"keywords":null}]}