[{"@context":"https:\/\/schema.org\/","@type":"Blog","@id":"https:\/\/www.afchj.cz#Blog","headline":"Afchj","description":"\nKdy\u017e lid\u00e9 pot\u0159ebuj\u00ed vy\u0159e\u0161it na internetu n\u011bkterou ze sv\u00fdch pot\u0159eb, najdou zde leckoho, kdo jim pomoc slibuje. Ale n\u00e1\u0161 web nejen slibuje, ale i skute\u010dn\u011b pom\u00e1h\u00e1.","url":"https:\/\/www.afchj.cz","hasPart":[{"@type":"Article","@id":"https:\/\/www.afchj.cz\/skutecne-jsou-auta-takovym-znecistovatelem-zivotniho-prostredi\/","headline":"Skute\u010dn\u011b jsou auta takov\u00fdm zne\u010di\u0161\u0165ovatelem \u017eivotn\u00edho prost\u0159ed\u00ed?","url":"https:\/\/www.afchj.cz\/skutecne-jsou-auta-takovym-znecistovatelem-zivotniho-prostredi\/","datePublished":"2022-11-28","dateModified":"2023-09-28","mainEntityOfPage":"https:\/\/www.afchj.cz\/skutecne-jsou-auta-takovym-znecistovatelem-zivotniho-prostredi\/","author":{"@type":"Person","@id":"https:\/\/www.afchj.cz\/author\/#Person","name":"","url":"https:\/\/www.afchj.cz\/author\/","identifier":1,"image":{"@type":"ImageObject","@id":"https:\/\/secure.gravatar.com\/avatar\/25a824e14ead2d36aba24b918221841350fb41cea98048e9b1929df8c4bf4bd8?s=96&d=mm&r=g","url":"https:\/\/secure.gravatar.com\/avatar\/25a824e14ead2d36aba24b918221841350fb41cea98048e9b1929df8c4bf4bd8?s=96&d=mm&r=g","height":96,"width":96}},"publisher":{"@type":"Organization","name":"afchj.cz","logo":{"@type":"ImageObject","@id":"\/logo.png","url":"\/logo.png","width":600,"height":60}},"image":{"@type":"ImageObject","@id":"https:\/\/www.afchj.cz\/wp-content\/uploads\/auto2_10_10_10_10_6.jpg","url":"https:\/\/www.afchj.cz\/wp-content\/uploads\/auto2_10_10_10_10_6.jpg","height":0,"width":0},"wordCount":919,"keywords":null},{"@type":"Article","@id":"https:\/\/www.afchj.cz\/budte-vzdy-krasna\/","headline":"Bu\u010fte v\u017edy kr\u00e1sn\u00e1","url":"https:\/\/www.afchj.cz\/budte-vzdy-krasna\/","datePublished":"2022-11-27","dateModified":"2023-07-27","mainEntityOfPage":"https:\/\/www.afchj.cz\/budte-vzdy-krasna\/","author":{"@type":"Person","@id":"https:\/\/www.afchj.cz\/author\/#Person","name":"","url":"https:\/\/www.afchj.cz\/author\/","identifier":1,"image":{"@type":"ImageObject","@id":"https:\/\/secure.gravatar.com\/avatar\/25a824e14ead2d36aba24b918221841350fb41cea98048e9b1929df8c4bf4bd8?s=96&d=mm&r=g","url":"https:\/\/secure.gravatar.com\/avatar\/25a824e14ead2d36aba24b918221841350fb41cea98048e9b1929df8c4bf4bd8?s=96&d=mm&r=g","height":96,"width":96}},"publisher":{"@type":"Organization","name":"afchj.cz","logo":{"@type":"ImageObject","@id":"\/logo.png","url":"\/logo.png","width":600,"height":60}},"image":{"@type":"ImageObject","@id":"https:\/\/www.afchj.cz\/wp-content\/uploads\/free-photo-of-zena-pole-venkov-model_1.jpeg","url":"https:\/\/www.afchj.cz\/wp-content\/uploads\/free-photo-of-zena-pole-venkov-model_1.jpeg","height":0,"width":0},"wordCount":573,"keywords":null},{"@type":"Article","@id":"https:\/\/www.afchj.cz\/plasticka-operace\/","headline":"Plastick\u00e1 operace","url":"https:\/\/www.afchj.cz\/plasticka-operace\/","datePublished":"2022-11-07","dateModified":"2023-06-07","mainEntityOfPage":"https:\/\/www.afchj.cz\/plasticka-operace\/","author":{"@type":"Person","@id":"https:\/\/www.afchj.cz\/author\/#Person","name":"","url":"https:\/\/www.afchj.cz\/author\/","identifier":1,"image":{"@type":"ImageObject","@id":"https:\/\/secure.gravatar.com\/avatar\/25a824e14ead2d36aba24b918221841350fb41cea98048e9b1929df8c4bf4bd8?s=96&d=mm&r=g","url":"https:\/\/secure.gravatar.com\/avatar\/25a824e14ead2d36aba24b918221841350fb41cea98048e9b1929df8c4bf4bd8?s=96&d=mm&r=g","height":96,"width":96}},"publisher":{"@type":"Organization","name":"afchj.cz","logo":{"@type":"ImageObject","@id":"\/logo.png","url":"\/logo.png","width":600,"height":60}},"image":{"@type":"ImageObject","@id":"https:\/\/www.afchj.cz\/wp-content\/uploads\/portrait-3204843_1280.jpg","url":"https:\/\/www.afchj.cz\/wp-content\/uploads\/portrait-3204843_1280.jpg","height":0,"width":0},"wordCount":531,"keywords":null},{"@type":"Article","@id":"https:\/\/www.afchj.cz\/diky-vede-se-mame-lip\/","headline":"D\u00edky v\u011bd\u011b se m\u00e1me l\u00edp","url":"https:\/\/www.afchj.cz\/diky-vede-se-mame-lip\/","datePublished":"2022-10-27","dateModified":"2023-09-28","mainEntityOfPage":"https:\/\/www.afchj.cz\/diky-vede-se-mame-lip\/","author":{"@type":"Person","@id":"https:\/\/www.afchj.cz\/author\/#Person","name":"","url":"https:\/\/www.afchj.cz\/author\/","identifier":1,"image":{"@type":"ImageObject","@id":"https:\/\/secure.gravatar.com\/avatar\/25a824e14ead2d36aba24b918221841350fb41cea98048e9b1929df8c4bf4bd8?s=96&d=mm&r=g","url":"https:\/\/secure.gravatar.com\/avatar\/25a824e14ead2d36aba24b918221841350fb41cea98048e9b1929df8c4bf4bd8?s=96&d=mm&r=g","height":96,"width":96}},"publisher":{"@type":"Organization","name":"afchj.cz","logo":{"@type":"ImageObject","@id":"\/logo.png","url":"\/logo.png","width":600,"height":60}},"image":{"@type":"ImageObject","@id":"https:\/\/www.afchj.cz\/wp-content\/uploads\/trace-3157431_1280.jpg","url":"https:\/\/www.afchj.cz\/wp-content\/uploads\/trace-3157431_1280.jpg","height":0,"width":0},"wordCount":952,"keywords":null},{"@type":"Article","@id":"https:\/\/www.afchj.cz\/ucetnictvi-nemusi-byt-problem\/","headline":"\u00da\u010detnictv\u00ed nemus\u00ed b\u00fdt probl\u00e9m","url":"https:\/\/www.afchj.cz\/ucetnictvi-nemusi-byt-problem\/","datePublished":"2022-10-24","dateModified":"2022-10-24","mainEntityOfPage":"https:\/\/www.afchj.cz\/ucetnictvi-nemusi-byt-problem\/","author":{"@type":"Person","@id":"https:\/\/www.afchj.cz\/author\/#Person","name":"","url":"https:\/\/www.afchj.cz\/author\/","identifier":1,"image":{"@type":"ImageObject","@id":"https:\/\/secure.gravatar.com\/avatar\/25a824e14ead2d36aba24b918221841350fb41cea98048e9b1929df8c4bf4bd8?s=96&d=mm&r=g","url":"https:\/\/secure.gravatar.com\/avatar\/25a824e14ead2d36aba24b918221841350fb41cea98048e9b1929df8c4bf4bd8?s=96&d=mm&r=g","height":96,"width":96}},"publisher":{"@type":"Organization","name":"afchj.cz","logo":{"@type":"ImageObject","@id":"\/logo.png","url":"\/logo.png","width":600,"height":60}},"image":{"@type":"ImageObject","@id":"https:\/\/www.afchj.cz\/wp-content\/uploads\/pen%C4%9B%C5%BEenka%20s%20pen%C4%9Bzi_5.jpg","url":"https:\/\/www.afchj.cz\/wp-content\/uploads\/pen%C4%9B%C5%BEenka%20s%20pen%C4%9Bzi_5.jpg","height":0,"width":0},"wordCount":621,"keywords":null},{"@type":"Article","@id":"https:\/\/www.afchj.cz\/siti\/","headline":"\u0160it\u00ed","url":"https:\/\/www.afchj.cz\/siti\/","datePublished":"2022-10-11","dateModified":"2022-10-11","mainEntityOfPage":"https:\/\/www.afchj.cz\/siti\/","author":{"@type":"Person","@id":"https:\/\/www.afchj.cz\/author\/#Person","name":"","url":"https:\/\/www.afchj.cz\/author\/","identifier":1,"image":{"@type":"ImageObject","@id":"https:\/\/secure.gravatar.com\/avatar\/25a824e14ead2d36aba24b918221841350fb41cea98048e9b1929df8c4bf4bd8?s=96&d=mm&r=g","url":"https:\/\/secure.gravatar.com\/avatar\/25a824e14ead2d36aba24b918221841350fb41cea98048e9b1929df8c4bf4bd8?s=96&d=mm&r=g","height":96,"width":96}},"publisher":{"@type":"Organization","name":"afchj.cz","logo":{"@type":"ImageObject","@id":"\/logo.png","url":"\/logo.png","width":600,"height":60}},"image":{"@type":"ImageObject","@id":"https:\/\/www.afchj.cz\/wp-content\/uploads\/cloth-g3076f8233_640.jpg","url":"https:\/\/www.afchj.cz\/wp-content\/uploads\/cloth-g3076f8233_640.jpg","height":0,"width":0},"wordCount":555,"keywords":null},{"@type":"Article","@id":"https:\/\/www.afchj.cz\/skvele-deti\/","headline":"Skv\u011bl\u00e9 d\u011bti","url":"https:\/\/www.afchj.cz\/skvele-deti\/","datePublished":"2022-10-11","dateModified":"2023-05-18","mainEntityOfPage":"https:\/\/www.afchj.cz\/skvele-deti\/","author":{"@type":"Person","@id":"https:\/\/www.afchj.cz\/author\/#Person","name":"","url":"https:\/\/www.afchj.cz\/author\/","identifier":1,"image":{"@type":"ImageObject","@id":"https:\/\/secure.gravatar.com\/avatar\/25a824e14ead2d36aba24b918221841350fb41cea98048e9b1929df8c4bf4bd8?s=96&d=mm&r=g","url":"https:\/\/secure.gravatar.com\/avatar\/25a824e14ead2d36aba24b918221841350fb41cea98048e9b1929df8c4bf4bd8?s=96&d=mm&r=g","height":96,"width":96}},"publisher":{"@type":"Organization","name":"afchj.cz","logo":{"@type":"ImageObject","@id":"\/logo.png","url":"\/logo.png","width":600,"height":60}},"image":{"@type":"ImageObject","@id":"https:\/\/www.afchj.cz\/wp-content\/uploads\/joy-1740311_960_720_1.jpg","url":"https:\/\/www.afchj.cz\/wp-content\/uploads\/joy-1740311_960_720_1.jpg","height":0,"width":0},"wordCount":554,"keywords":null},{"@type":"Article","@id":"https:\/\/www.afchj.cz\/horsky-resort-bukova-hora-idealni-misto-pro-aktivni-dovolenou\/","headline":"Horsk\u00fd resort Bukov\u00e1 Hora &#8211; ide\u00e1ln\u00ed m\u00edsto pro aktivn\u00ed dovolenou","url":"https:\/\/www.afchj.cz\/horsky-resort-bukova-hora-idealni-misto-pro-aktivni-dovolenou\/","datePublished":"2022-07-23","dateModified":"2022-07-23","mainEntityOfPage":"https:\/\/www.afchj.cz\/horsky-resort-bukova-hora-idealni-misto-pro-aktivni-dovolenou\/","author":{"@type":"Person","@id":"https:\/\/www.afchj.cz\/author\/#Person","name":"","url":"https:\/\/www.afchj.cz\/author\/","identifier":1,"image":{"@type":"ImageObject","@id":"https:\/\/secure.gravatar.com\/avatar\/25a824e14ead2d36aba24b918221841350fb41cea98048e9b1929df8c4bf4bd8?s=96&d=mm&r=g","url":"https:\/\/secure.gravatar.com\/avatar\/25a824e14ead2d36aba24b918221841350fb41cea98048e9b1929df8c4bf4bd8?s=96&d=mm&r=g","height":96,"width":96}},"publisher":{"@type":"Organization","name":"afchj.cz","logo":{"@type":"ImageObject","@id":"\/logo.png","url":"\/logo.png","width":600,"height":60}},"image":{"@type":"ImageObject","@id":"https:\/\/www.afchj.cz\/wp-content\/uploads\/pexels-fede-roveda-4678861.jpg","url":"https:\/\/www.afchj.cz\/wp-content\/uploads\/pexels-fede-roveda-4678861.jpg","height":0,"width":0},"wordCount":555,"keywords":null},{"@type":"Article","@id":"https:\/\/www.afchj.cz\/mobil-a-stary-mobil\/","headline":"Mobil a star\u00fd mobil","url":"https:\/\/www.afchj.cz\/mobil-a-stary-mobil\/","datePublished":"2022-05-25","dateModified":"2023-04-25","mainEntityOfPage":"https:\/\/www.afchj.cz\/mobil-a-stary-mobil\/","author":{"@type":"Person","@id":"https:\/\/www.afchj.cz\/author\/#Person","name":"","url":"https:\/\/www.afchj.cz\/author\/","identifier":1,"image":{"@type":"ImageObject","@id":"https:\/\/secure.gravatar.com\/avatar\/25a824e14ead2d36aba24b918221841350fb41cea98048e9b1929df8c4bf4bd8?s=96&d=mm&r=g","url":"https:\/\/secure.gravatar.com\/avatar\/25a824e14ead2d36aba24b918221841350fb41cea98048e9b1929df8c4bf4bd8?s=96&d=mm&r=g","height":96,"width":96}},"publisher":{"@type":"Organization","name":"afchj.cz","logo":{"@type":"ImageObject","@id":"\/logo.png","url":"\/logo.png","width":600,"height":60}},"image":{"@type":"ImageObject","@id":"https:\/\/www.afchj.cz\/wp-content\/uploads\/mobile-phone-1917737_960_720_6.jpg","url":"https:\/\/www.afchj.cz\/wp-content\/uploads\/mobile-phone-1917737_960_720_6.jpg","height":0,"width":0},"wordCount":467,"keywords":null},{"@type":"Article","@id":"https:\/\/www.afchj.cz\/slunecni-bryle-jako-modni-doplnek\/","headline":"Slune\u010dn\u00ed br\u00fdle jako m\u00f3dn\u00ed dopln\u011bk","url":"https:\/\/www.afchj.cz\/slunecni-bryle-jako-modni-doplnek\/","datePublished":"2022-01-15","dateModified":"2022-01-15","mainEntityOfPage":"https:\/\/www.afchj.cz\/slunecni-bryle-jako-modni-doplnek\/","author":{"@type":"Person","@id":"https:\/\/www.afchj.cz\/author\/#Person","name":"","url":"https:\/\/www.afchj.cz\/author\/","identifier":1,"image":{"@type":"ImageObject","@id":"https:\/\/secure.gravatar.com\/avatar\/25a824e14ead2d36aba24b918221841350fb41cea98048e9b1929df8c4bf4bd8?s=96&d=mm&r=g","url":"https:\/\/secure.gravatar.com\/avatar\/25a824e14ead2d36aba24b918221841350fb41cea98048e9b1929df8c4bf4bd8?s=96&d=mm&r=g","height":96,"width":96}},"publisher":{"@type":"Organization","name":"afchj.cz","logo":{"@type":"ImageObject","@id":"\/logo.png","url":"\/logo.png","width":600,"height":60}},"image":{"@type":"ImageObject","@id":"https:\/\/www.afchj.cz\/wp-content\/uploads\/tvar%20br%C3%BDl%C3%AD.png","url":"https:\/\/www.afchj.cz\/wp-content\/uploads\/tvar%20br%C3%BDl%C3%AD.png","height":0,"width":0},"wordCount":550,"keywords":null}]},{"@context":"https:\/\/schema.org","@type":"WebSite","@id":"https:\/\/www.afchj.cz\/#website","name":"Afchj","url":"https:\/\/www.afchj.cz","potentialAction":{"@type":"SearchAction","target":"https:\/\/www.afchj.cz\/?s={search_term_string}","query-input":"required name=search_term_string"}}]