[{"@context":"https:\/\/schema.org\/","@type":"Blog","@id":"https:\/\/www.afchj.cz#Blog","headline":"Afchj","description":"\nKdy\u017e lid\u00e9 pot\u0159ebuj\u00ed vy\u0159e\u0161it na internetu n\u011bkterou ze sv\u00fdch pot\u0159eb, najdou zde leckoho, kdo jim pomoc slibuje. Ale n\u00e1\u0161 web nejen slibuje, ale i skute\u010dn\u011b pom\u00e1h\u00e1.","url":"https:\/\/www.afchj.cz","hasPart":[{"@type":"Article","@id":"https:\/\/www.afchj.cz\/pritel-a-jeho-geny\/","headline":"P\u0159\u00edtel a jeho geny","url":"https:\/\/www.afchj.cz\/pritel-a-jeho-geny\/","datePublished":"2023-01-28","dateModified":"2023-07-28","mainEntityOfPage":"https:\/\/www.afchj.cz\/pritel-a-jeho-geny\/","author":{"@type":"Person","@id":"https:\/\/www.afchj.cz\/author\/#Person","name":"","url":"https:\/\/www.afchj.cz\/author\/","identifier":1,"image":{"@type":"ImageObject","@id":"https:\/\/secure.gravatar.com\/avatar\/25a824e14ead2d36aba24b918221841350fb41cea98048e9b1929df8c4bf4bd8?s=96&d=mm&r=g","url":"https:\/\/secure.gravatar.com\/avatar\/25a824e14ead2d36aba24b918221841350fb41cea98048e9b1929df8c4bf4bd8?s=96&d=mm&r=g","height":96,"width":96}},"publisher":{"@type":"Organization","name":"afchj.cz","logo":{"@type":"ImageObject","@id":"\/logo.png","url":"\/logo.png","width":600,"height":60}},"image":{"@type":"ImageObject","@id":"https:\/\/www.afchj.cz\/wp-content\/uploads\/dna-7090994_1280.jpg","url":"https:\/\/www.afchj.cz\/wp-content\/uploads\/dna-7090994_1280.jpg","height":0,"width":0},"wordCount":550,"keywords":null},{"@type":"Article","@id":"https:\/\/www.afchj.cz\/deti-se-nekdy-mohou-bat-rict-pravdu\/","headline":"D\u011bti se n\u011bkdy mohou b\u00e1t \u0159\u00edct pravdu","url":"https:\/\/www.afchj.cz\/deti-se-nekdy-mohou-bat-rict-pravdu\/","datePublished":"2023-01-25","dateModified":"2023-04-25","mainEntityOfPage":"https:\/\/www.afchj.cz\/deti-se-nekdy-mohou-bat-rict-pravdu\/","author":{"@type":"Person","@id":"https:\/\/www.afchj.cz\/author\/#Person","name":"","url":"https:\/\/www.afchj.cz\/author\/","identifier":1,"image":{"@type":"ImageObject","@id":"https:\/\/secure.gravatar.com\/avatar\/25a824e14ead2d36aba24b918221841350fb41cea98048e9b1929df8c4bf4bd8?s=96&d=mm&r=g","url":"https:\/\/secure.gravatar.com\/avatar\/25a824e14ead2d36aba24b918221841350fb41cea98048e9b1929df8c4bf4bd8?s=96&d=mm&r=g","height":96,"width":96}},"publisher":{"@type":"Organization","name":"afchj.cz","logo":{"@type":"ImageObject","@id":"\/logo.png","url":"\/logo.png","width":600,"height":60}},"image":{"@type":"ImageObject","@id":"https:\/\/www.afchj.cz\/wp-content\/uploads\/d%C4%9Bt_10_10.JPG","url":"https:\/\/www.afchj.cz\/wp-content\/uploads\/d%C4%9Bt_10_10.JPG","height":0,"width":0},"wordCount":580,"keywords":null},{"@type":"Article","@id":"https:\/\/www.afchj.cz\/jak-se-nezblaznit-pri-stehovani\/","headline":"Jak se nezbl\u00e1znit p\u0159i st\u011bhov\u00e1n\u00ed","url":"https:\/\/www.afchj.cz\/jak-se-nezblaznit-pri-stehovani\/","datePublished":"2023-01-23","dateModified":"2023-04-25","mainEntityOfPage":"https:\/\/www.afchj.cz\/jak-se-nezblaznit-pri-stehovani\/","author":{"@type":"Person","@id":"https:\/\/www.afchj.cz\/author\/#Person","name":"","url":"https:\/\/www.afchj.cz\/author\/","identifier":1,"image":{"@type":"ImageObject","@id":"https:\/\/secure.gravatar.com\/avatar\/25a824e14ead2d36aba24b918221841350fb41cea98048e9b1929df8c4bf4bd8?s=96&d=mm&r=g","url":"https:\/\/secure.gravatar.com\/avatar\/25a824e14ead2d36aba24b918221841350fb41cea98048e9b1929df8c4bf4bd8?s=96&d=mm&r=g","height":96,"width":96}},"publisher":{"@type":"Organization","name":"afchj.cz","logo":{"@type":"ImageObject","@id":"\/logo.png","url":"\/logo.png","width":600,"height":60}},"image":{"@type":"ImageObject","@id":"https:\/\/www.afchj.cz\/wp-content\/uploads\/chair-2591817__340_1.jpg","url":"https:\/\/www.afchj.cz\/wp-content\/uploads\/chair-2591817__340_1.jpg","height":0,"width":0},"wordCount":641,"keywords":null},{"@type":"Article","@id":"https:\/\/www.afchj.cz\/moda-a-second-hand\/","headline":"M\u00f3da a second hand","url":"https:\/\/www.afchj.cz\/moda-a-second-hand\/","datePublished":"2023-01-10","dateModified":"2023-05-18","mainEntityOfPage":"https:\/\/www.afchj.cz\/moda-a-second-hand\/","author":{"@type":"Person","@id":"https:\/\/www.afchj.cz\/author\/#Person","name":"","url":"https:\/\/www.afchj.cz\/author\/","identifier":1,"image":{"@type":"ImageObject","@id":"https:\/\/secure.gravatar.com\/avatar\/25a824e14ead2d36aba24b918221841350fb41cea98048e9b1929df8c4bf4bd8?s=96&d=mm&r=g","url":"https:\/\/secure.gravatar.com\/avatar\/25a824e14ead2d36aba24b918221841350fb41cea98048e9b1929df8c4bf4bd8?s=96&d=mm&r=g","height":96,"width":96}},"publisher":{"@type":"Organization","name":"afchj.cz","logo":{"@type":"ImageObject","@id":"\/logo.png","url":"\/logo.png","width":600,"height":60}},"image":{"@type":"ImageObject","@id":"https:\/\/www.afchj.cz\/wp-content\/uploads\/woman-2593366_960_720.jpg","url":"https:\/\/www.afchj.cz\/wp-content\/uploads\/woman-2593366_960_720.jpg","height":0,"width":0},"wordCount":531,"keywords":null},{"@type":"Article","@id":"https:\/\/www.afchj.cz\/autem-se-clovek-dostane-vsude-mnohem-rychleji\/","headline":"Autem se \u010dlov\u011bk dostane v\u0161ude mnohem rychleji","url":"https:\/\/www.afchj.cz\/autem-se-clovek-dostane-vsude-mnohem-rychleji\/","datePublished":"2023-01-03","dateModified":"2023-05-03","mainEntityOfPage":"https:\/\/www.afchj.cz\/autem-se-clovek-dostane-vsude-mnohem-rychleji\/","author":{"@type":"Person","@id":"https:\/\/www.afchj.cz\/author\/#Person","name":"","url":"https:\/\/www.afchj.cz\/author\/","identifier":1,"image":{"@type":"ImageObject","@id":"https:\/\/secure.gravatar.com\/avatar\/25a824e14ead2d36aba24b918221841350fb41cea98048e9b1929df8c4bf4bd8?s=96&d=mm&r=g","url":"https:\/\/secure.gravatar.com\/avatar\/25a824e14ead2d36aba24b918221841350fb41cea98048e9b1929df8c4bf4bd8?s=96&d=mm&r=g","height":96,"width":96}},"publisher":{"@type":"Organization","name":"afchj.cz","logo":{"@type":"ImageObject","@id":"\/logo.png","url":"\/logo.png","width":600,"height":60}},"image":{"@type":"ImageObject","@id":"https:\/\/www.afchj.cz\/wp-content\/uploads\/auto_10_10_10_10_10_5.JPG","url":"https:\/\/www.afchj.cz\/wp-content\/uploads\/auto_10_10_10_10_10_5.JPG","height":0,"width":0},"wordCount":503,"keywords":null},{"@type":"Article","@id":"https:\/\/www.afchj.cz\/jak-jsme-na-tom-s-dovolenou\/","headline":"Jak jsme na tom s dovolenou?","url":"https:\/\/www.afchj.cz\/jak-jsme-na-tom-s-dovolenou\/","datePublished":"2022-12-27","dateModified":"2023-09-28","mainEntityOfPage":"https:\/\/www.afchj.cz\/jak-jsme-na-tom-s-dovolenou\/","author":{"@type":"Person","@id":"https:\/\/www.afchj.cz\/author\/#Person","name":"","url":"https:\/\/www.afchj.cz\/author\/","identifier":1,"image":{"@type":"ImageObject","@id":"https:\/\/secure.gravatar.com\/avatar\/25a824e14ead2d36aba24b918221841350fb41cea98048e9b1929df8c4bf4bd8?s=96&d=mm&r=g","url":"https:\/\/secure.gravatar.com\/avatar\/25a824e14ead2d36aba24b918221841350fb41cea98048e9b1929df8c4bf4bd8?s=96&d=mm&r=g","height":96,"width":96}},"publisher":{"@type":"Organization","name":"afchj.cz","logo":{"@type":"ImageObject","@id":"\/logo.png","url":"\/logo.png","width":600,"height":60}},"image":{"@type":"ImageObject","@id":"https:\/\/www.afchj.cz\/wp-content\/uploads\/d_10.jpg","url":"https:\/\/www.afchj.cz\/wp-content\/uploads\/d_10.jpg","height":0,"width":0},"wordCount":910,"keywords":null},{"@type":"Article","@id":"https:\/\/www.afchj.cz\/dnes-na-elektrine-setrime\/","headline":"Dnes na elekt\u0159in\u011b \u0161et\u0159\u00edme","url":"https:\/\/www.afchj.cz\/dnes-na-elektrine-setrime\/","datePublished":"2022-12-27","dateModified":"2024-02-09","mainEntityOfPage":"https:\/\/www.afchj.cz\/dnes-na-elektrine-setrime\/","author":{"@type":"Person","@id":"https:\/\/www.afchj.cz\/author\/#Person","name":"","url":"https:\/\/www.afchj.cz\/author\/","identifier":1,"image":{"@type":"ImageObject","@id":"https:\/\/secure.gravatar.com\/avatar\/25a824e14ead2d36aba24b918221841350fb41cea98048e9b1929df8c4bf4bd8?s=96&d=mm&r=g","url":"https:\/\/secure.gravatar.com\/avatar\/25a824e14ead2d36aba24b918221841350fb41cea98048e9b1929df8c4bf4bd8?s=96&d=mm&r=g","height":96,"width":96}},"publisher":{"@type":"Organization","name":"afchj.cz","logo":{"@type":"ImageObject","@id":"\/logo.png","url":"\/logo.png","width":600,"height":60}},"image":{"@type":"ImageObject","@id":"https:\/\/www.afchj.cz\/wp-content\/uploads\/s_5.jpg","url":"https:\/\/www.afchj.cz\/wp-content\/uploads\/s_5.jpg","height":0,"width":0},"wordCount":568,"keywords":null},{"@type":"Article","@id":"https:\/\/www.afchj.cz\/elektro-kolo-neni-pro-mnohe-resenim\/","headline":"Elektro kolo nen\u00ed pro mnoh\u00e9 \u0159e\u0161en\u00edm","url":"https:\/\/www.afchj.cz\/elektro-kolo-neni-pro-mnohe-resenim\/","datePublished":"2022-12-18","dateModified":"2023-10-20","mainEntityOfPage":"https:\/\/www.afchj.cz\/elektro-kolo-neni-pro-mnohe-resenim\/","author":{"@type":"Person","@id":"https:\/\/www.afchj.cz\/author\/#Person","name":"","url":"https:\/\/www.afchj.cz\/author\/","identifier":1,"image":{"@type":"ImageObject","@id":"https:\/\/secure.gravatar.com\/avatar\/25a824e14ead2d36aba24b918221841350fb41cea98048e9b1929df8c4bf4bd8?s=96&d=mm&r=g","url":"https:\/\/secure.gravatar.com\/avatar\/25a824e14ead2d36aba24b918221841350fb41cea98048e9b1929df8c4bf4bd8?s=96&d=mm&r=g","height":96,"width":96}},"publisher":{"@type":"Organization","name":"afchj.cz","logo":{"@type":"ImageObject","@id":"\/logo.png","url":"\/logo.png","width":600,"height":60}},"image":{"@type":"ImageObject","@id":"https:\/\/www.afchj.cz\/wp-content\/uploads\/bicycle-1853497_1280.jpg","url":"https:\/\/www.afchj.cz\/wp-content\/uploads\/bicycle-1853497_1280.jpg","height":0,"width":0},"wordCount":813,"keywords":null},{"@type":"Article","@id":"https:\/\/www.afchj.cz\/s-elektro-koly-na-vylety\/","headline":"S elektro koly na v\u00fdlety","url":"https:\/\/www.afchj.cz\/s-elektro-koly-na-vylety\/","datePublished":"2022-12-10","dateModified":"2023-05-18","mainEntityOfPage":"https:\/\/www.afchj.cz\/s-elektro-koly-na-vylety\/","author":{"@type":"Person","@id":"https:\/\/www.afchj.cz\/author\/#Person","name":"","url":"https:\/\/www.afchj.cz\/author\/","identifier":1,"image":{"@type":"ImageObject","@id":"https:\/\/secure.gravatar.com\/avatar\/25a824e14ead2d36aba24b918221841350fb41cea98048e9b1929df8c4bf4bd8?s=96&d=mm&r=g","url":"https:\/\/secure.gravatar.com\/avatar\/25a824e14ead2d36aba24b918221841350fb41cea98048e9b1929df8c4bf4bd8?s=96&d=mm&r=g","height":96,"width":96}},"publisher":{"@type":"Organization","name":"afchj.cz","logo":{"@type":"ImageObject","@id":"\/logo.png","url":"\/logo.png","width":600,"height":60}},"image":{"@type":"ImageObject","@id":"https:\/\/www.afchj.cz\/wp-content\/uploads\/kol_6.JPG","url":"https:\/\/www.afchj.cz\/wp-content\/uploads\/kol_6.JPG","height":0,"width":0},"wordCount":470,"keywords":null},{"@type":"Article","@id":"https:\/\/www.afchj.cz\/o-kulturni-zazitky-neprijdete-ani-v-laznich\/","headline":"O kulturn\u00ed z\u00e1\u017eitky nep\u0159ijdete ani v l\u00e1zn\u00edch","url":"https:\/\/www.afchj.cz\/o-kulturni-zazitky-neprijdete-ani-v-laznich\/","datePublished":"2022-11-28","dateModified":"2023-04-25","mainEntityOfPage":"https:\/\/www.afchj.cz\/o-kulturni-zazitky-neprijdete-ani-v-laznich\/","author":{"@type":"Person","@id":"https:\/\/www.afchj.cz\/author\/#Person","name":"","url":"https:\/\/www.afchj.cz\/author\/","identifier":1,"image":{"@type":"ImageObject","@id":"https:\/\/secure.gravatar.com\/avatar\/25a824e14ead2d36aba24b918221841350fb41cea98048e9b1929df8c4bf4bd8?s=96&d=mm&r=g","url":"https:\/\/secure.gravatar.com\/avatar\/25a824e14ead2d36aba24b918221841350fb41cea98048e9b1929df8c4bf4bd8?s=96&d=mm&r=g","height":96,"width":96}},"publisher":{"@type":"Organization","name":"afchj.cz","logo":{"@type":"ImageObject","@id":"\/logo.png","url":"\/logo.png","width":600,"height":60}},"image":{"@type":"ImageObject","@id":"https:\/\/www.afchj.cz\/wp-content\/uploads\/piano-1655558_960_720_4.jpg","url":"https:\/\/www.afchj.cz\/wp-content\/uploads\/piano-1655558_960_720_4.jpg","height":0,"width":0},"wordCount":536,"keywords":null}]},{"@context":"https:\/\/schema.org","@type":"WebSite","@id":"https:\/\/www.afchj.cz\/#website","name":"Afchj","url":"https:\/\/www.afchj.cz","potentialAction":{"@type":"SearchAction","target":"https:\/\/www.afchj.cz\/?s={search_term_string}","query-input":"required name=search_term_string"}}]