[{"@context":"https:\/\/schema.org\/","@type":"Blog","@id":"https:\/\/www.afchj.cz#Blog","headline":"Afchj","description":"\nKdy\u017e lid\u00e9 pot\u0159ebuj\u00ed vy\u0159e\u0161it na internetu n\u011bkterou ze sv\u00fdch pot\u0159eb, najdou zde leckoho, kdo jim pomoc slibuje. Ale n\u00e1\u0161 web nejen slibuje, ale i skute\u010dn\u011b pom\u00e1h\u00e1.","url":"https:\/\/www.afchj.cz","hasPart":[{"@type":"Article","@id":"https:\/\/www.afchj.cz\/co-to-je-cbd\/","headline":"Co to je CBD?","url":"https:\/\/www.afchj.cz\/co-to-je-cbd\/","datePublished":"2023-03-19","dateModified":"2023-04-25","mainEntityOfPage":"https:\/\/www.afchj.cz\/co-to-je-cbd\/","author":{"@type":"Person","@id":"https:\/\/www.afchj.cz\/author\/#Person","name":"","url":"https:\/\/www.afchj.cz\/author\/","identifier":1,"image":{"@type":"ImageObject","@id":"https:\/\/secure.gravatar.com\/avatar\/25a824e14ead2d36aba24b918221841350fb41cea98048e9b1929df8c4bf4bd8?s=96&d=mm&r=g","url":"https:\/\/secure.gravatar.com\/avatar\/25a824e14ead2d36aba24b918221841350fb41cea98048e9b1929df8c4bf4bd8?s=96&d=mm&r=g","height":96,"width":96}},"publisher":{"@type":"Organization","name":"afchj.cz","logo":{"@type":"ImageObject","@id":"\/logo.png","url":"\/logo.png","width":600,"height":60}},"image":{"@type":"ImageObject","@id":"https:\/\/www.afchj.cz\/wp-content\/uploads\/cannabis-5003417_640_10.jpg","url":"https:\/\/www.afchj.cz\/wp-content\/uploads\/cannabis-5003417_640_10.jpg","height":0,"width":0},"wordCount":622,"keywords":null},{"@type":"Article","@id":"https:\/\/www.afchj.cz\/nebojte-se-letani\/","headline":"Nebojte se l\u00e9t\u00e1n\u00ed!","url":"https:\/\/www.afchj.cz\/nebojte-se-letani\/","datePublished":"2023-03-19","dateModified":"2023-04-25","mainEntityOfPage":"https:\/\/www.afchj.cz\/nebojte-se-letani\/","author":{"@type":"Person","@id":"https:\/\/www.afchj.cz\/author\/#Person","name":"","url":"https:\/\/www.afchj.cz\/author\/","identifier":1,"image":{"@type":"ImageObject","@id":"https:\/\/secure.gravatar.com\/avatar\/25a824e14ead2d36aba24b918221841350fb41cea98048e9b1929df8c4bf4bd8?s=96&d=mm&r=g","url":"https:\/\/secure.gravatar.com\/avatar\/25a824e14ead2d36aba24b918221841350fb41cea98048e9b1929df8c4bf4bd8?s=96&d=mm&r=g","height":96,"width":96}},"publisher":{"@type":"Organization","name":"afchj.cz","logo":{"@type":"ImageObject","@id":"\/logo.png","url":"\/logo.png","width":600,"height":60}},"image":{"@type":"ImageObject","@id":"https:\/\/www.afchj.cz\/wp-content\/uploads\/plane-170272__480.jpg","url":"https:\/\/www.afchj.cz\/wp-content\/uploads\/plane-170272__480.jpg","height":0,"width":0},"wordCount":541,"keywords":null},{"@type":"Article","@id":"https:\/\/www.afchj.cz\/proc-je-vyhodne-mit-detske-hriste-na-zahrade\/","headline":"Pro\u010d je v\u00fdhodn\u00e9 m\u00edt d\u011btsk\u00e9 h\u0159i\u0161t\u011b na zahrad\u011b","url":"https:\/\/www.afchj.cz\/proc-je-vyhodne-mit-detske-hriste-na-zahrade\/","datePublished":"2023-03-17","dateModified":"2023-04-25","mainEntityOfPage":"https:\/\/www.afchj.cz\/proc-je-vyhodne-mit-detske-hriste-na-zahrade\/","author":{"@type":"Person","@id":"https:\/\/www.afchj.cz\/author\/#Person","name":"","url":"https:\/\/www.afchj.cz\/author\/","identifier":1,"image":{"@type":"ImageObject","@id":"https:\/\/secure.gravatar.com\/avatar\/25a824e14ead2d36aba24b918221841350fb41cea98048e9b1929df8c4bf4bd8?s=96&d=mm&r=g","url":"https:\/\/secure.gravatar.com\/avatar\/25a824e14ead2d36aba24b918221841350fb41cea98048e9b1929df8c4bf4bd8?s=96&d=mm&r=g","height":96,"width":96}},"publisher":{"@type":"Organization","name":"afchj.cz","logo":{"@type":"ImageObject","@id":"\/logo.png","url":"\/logo.png","width":600,"height":60}},"image":{"@type":"ImageObject","@id":"https:\/\/www.afchj.cz\/wp-content\/uploads\/girl-g70b71cd9c_640_9.jpg","url":"https:\/\/www.afchj.cz\/wp-content\/uploads\/girl-g70b71cd9c_640_9.jpg","height":0,"width":0},"wordCount":666,"keywords":null},{"@type":"Article","@id":"https:\/\/www.afchj.cz\/vedet-ze-je-vase-elektroinstalace-v-poradku-je-dulezite\/","headline":"V\u011bd\u011bt, \u017ee je va\u0161e elektroinstalace v po\u0159\u00e1dku, je d\u016fle\u017eit\u00e9","url":"https:\/\/www.afchj.cz\/vedet-ze-je-vase-elektroinstalace-v-poradku-je-dulezite\/","datePublished":"2023-03-09","dateModified":"2024-03-13","mainEntityOfPage":"https:\/\/www.afchj.cz\/vedet-ze-je-vase-elektroinstalace-v-poradku-je-dulezite\/","author":{"@type":"Person","@id":"https:\/\/www.afchj.cz\/author\/#Person","name":"","url":"https:\/\/www.afchj.cz\/author\/","identifier":1,"image":{"@type":"ImageObject","@id":"https:\/\/secure.gravatar.com\/avatar\/25a824e14ead2d36aba24b918221841350fb41cea98048e9b1929df8c4bf4bd8?s=96&d=mm&r=g","url":"https:\/\/secure.gravatar.com\/avatar\/25a824e14ead2d36aba24b918221841350fb41cea98048e9b1929df8c4bf4bd8?s=96&d=mm&r=g","height":96,"width":96}},"publisher":{"@type":"Organization","name":"afchj.cz","logo":{"@type":"ImageObject","@id":"\/logo.png","url":"\/logo.png","width":600,"height":60}},"image":null,"wordCount":446,"keywords":null},{"@type":"Article","@id":"https:\/\/www.afchj.cz\/zili-kdysi-skutecne-obri\/","headline":"\u017dili kdysi skute\u010dn\u011b ob\u0159i?","url":"https:\/\/www.afchj.cz\/zili-kdysi-skutecne-obri\/","datePublished":"2023-02-28","dateModified":"2023-09-13","mainEntityOfPage":"https:\/\/www.afchj.cz\/zili-kdysi-skutecne-obri\/","author":{"@type":"Person","@id":"https:\/\/www.afchj.cz\/author\/#Person","name":"","url":"https:\/\/www.afchj.cz\/author\/","identifier":1,"image":{"@type":"ImageObject","@id":"https:\/\/secure.gravatar.com\/avatar\/25a824e14ead2d36aba24b918221841350fb41cea98048e9b1929df8c4bf4bd8?s=96&d=mm&r=g","url":"https:\/\/secure.gravatar.com\/avatar\/25a824e14ead2d36aba24b918221841350fb41cea98048e9b1929df8c4bf4bd8?s=96&d=mm&r=g","height":96,"width":96}},"publisher":{"@type":"Organization","name":"afchj.cz","logo":{"@type":"ImageObject","@id":"\/logo.png","url":"\/logo.png","width":600,"height":60}},"image":{"@type":"ImageObject","@id":"https:\/\/www.afchj.cz\/wp-content\/uploads\/obr1.jpg","url":"https:\/\/www.afchj.cz\/wp-content\/uploads\/obr1.jpg","height":0,"width":0},"wordCount":625,"keywords":null},{"@type":"Article","@id":"https:\/\/www.afchj.cz\/jaka-jsou-pravidla-pro-deti-na-kole\/","headline":"Jak\u00e1 jsou pravidla pro d\u011bti na kole?","url":"https:\/\/www.afchj.cz\/jaka-jsou-pravidla-pro-deti-na-kole\/","datePublished":"2023-02-27","dateModified":"2023-07-27","mainEntityOfPage":"https:\/\/www.afchj.cz\/jaka-jsou-pravidla-pro-deti-na-kole\/","author":{"@type":"Person","@id":"https:\/\/www.afchj.cz\/author\/#Person","name":"","url":"https:\/\/www.afchj.cz\/author\/","identifier":1,"image":{"@type":"ImageObject","@id":"https:\/\/secure.gravatar.com\/avatar\/25a824e14ead2d36aba24b918221841350fb41cea98048e9b1929df8c4bf4bd8?s=96&d=mm&r=g","url":"https:\/\/secure.gravatar.com\/avatar\/25a824e14ead2d36aba24b918221841350fb41cea98048e9b1929df8c4bf4bd8?s=96&d=mm&r=g","height":96,"width":96}},"publisher":{"@type":"Organization","name":"afchj.cz","logo":{"@type":"ImageObject","@id":"\/logo.png","url":"\/logo.png","width":600,"height":60}},"image":{"@type":"ImageObject","@id":"https:\/\/www.afchj.cz\/wp-content\/uploads\/cyklista1_1.jpg","url":"https:\/\/www.afchj.cz\/wp-content\/uploads\/cyklista1_1.jpg","height":0,"width":0},"wordCount":654,"keywords":null},{"@type":"Article","@id":"https:\/\/www.afchj.cz\/prestehujte-se-za-slunickem\/","headline":"P\u0159est\u011bhujte se za slun\u00ed\u010dkem","url":"https:\/\/www.afchj.cz\/prestehujte-se-za-slunickem\/","datePublished":"2023-02-23","dateModified":"2023-04-25","mainEntityOfPage":"https:\/\/www.afchj.cz\/prestehujte-se-za-slunickem\/","author":{"@type":"Person","@id":"https:\/\/www.afchj.cz\/author\/#Person","name":"","url":"https:\/\/www.afchj.cz\/author\/","identifier":1,"image":{"@type":"ImageObject","@id":"https:\/\/secure.gravatar.com\/avatar\/25a824e14ead2d36aba24b918221841350fb41cea98048e9b1929df8c4bf4bd8?s=96&d=mm&r=g","url":"https:\/\/secure.gravatar.com\/avatar\/25a824e14ead2d36aba24b918221841350fb41cea98048e9b1929df8c4bf4bd8?s=96&d=mm&r=g","height":96,"width":96}},"publisher":{"@type":"Organization","name":"afchj.cz","logo":{"@type":"ImageObject","@id":"\/logo.png","url":"\/logo.png","width":600,"height":60}},"image":{"@type":"ImageObject","@id":"https:\/\/www.afchj.cz\/wp-content\/uploads\/dubrovnik-5214286_640_5.jpg","url":"https:\/\/www.afchj.cz\/wp-content\/uploads\/dubrovnik-5214286_640_5.jpg","height":0,"width":0},"wordCount":558,"keywords":null},{"@type":"Article","@id":"https:\/\/www.afchj.cz\/jako-v-pokojicku\/","headline":"Jako v pokoj\u00ed\u010dku","url":"https:\/\/www.afchj.cz\/jako-v-pokojicku\/","datePublished":"2023-02-23","dateModified":"2023-04-25","mainEntityOfPage":"https:\/\/www.afchj.cz\/jako-v-pokojicku\/","author":{"@type":"Person","@id":"https:\/\/www.afchj.cz\/author\/#Person","name":"","url":"https:\/\/www.afchj.cz\/author\/","identifier":1,"image":{"@type":"ImageObject","@id":"https:\/\/secure.gravatar.com\/avatar\/25a824e14ead2d36aba24b918221841350fb41cea98048e9b1929df8c4bf4bd8?s=96&d=mm&r=g","url":"https:\/\/secure.gravatar.com\/avatar\/25a824e14ead2d36aba24b918221841350fb41cea98048e9b1929df8c4bf4bd8?s=96&d=mm&r=g","height":96,"width":96}},"publisher":{"@type":"Organization","name":"afchj.cz","logo":{"@type":"ImageObject","@id":"\/logo.png","url":"\/logo.png","width":600,"height":60}},"image":{"@type":"ImageObject","@id":"https:\/\/www.afchj.cz\/wp-content\/uploads\/matka_1.jpg","url":"https:\/\/www.afchj.cz\/wp-content\/uploads\/matka_1.jpg","height":0,"width":0},"wordCount":605,"keywords":null},{"@type":"Article","@id":"https:\/\/www.afchj.cz\/monster-high-panenky\/","headline":"Monster High panenky","url":"https:\/\/www.afchj.cz\/monster-high-panenky\/","datePublished":"2023-02-12","dateModified":"2023-04-25","mainEntityOfPage":"https:\/\/www.afchj.cz\/monster-high-panenky\/","author":{"@type":"Person","@id":"https:\/\/www.afchj.cz\/author\/#Person","name":"","url":"https:\/\/www.afchj.cz\/author\/","identifier":1,"image":{"@type":"ImageObject","@id":"https:\/\/secure.gravatar.com\/avatar\/25a824e14ead2d36aba24b918221841350fb41cea98048e9b1929df8c4bf4bd8?s=96&d=mm&r=g","url":"https:\/\/secure.gravatar.com\/avatar\/25a824e14ead2d36aba24b918221841350fb41cea98048e9b1929df8c4bf4bd8?s=96&d=mm&r=g","height":96,"width":96}},"publisher":{"@type":"Organization","name":"afchj.cz","logo":{"@type":"ImageObject","@id":"\/logo.png","url":"\/logo.png","width":600,"height":60}},"image":{"@type":"ImageObject","@id":"https:\/\/www.afchj.cz\/wp-content\/uploads\/maxresdefault_7.jpg","url":"https:\/\/www.afchj.cz\/wp-content\/uploads\/maxresdefault_7.jpg","height":0,"width":0},"wordCount":506,"keywords":null},{"@type":"Article","@id":"https:\/\/www.afchj.cz\/nenavist-v-praci\/","headline":"Nen\u00e1vist v pr\u00e1ci","url":"https:\/\/www.afchj.cz\/nenavist-v-praci\/","datePublished":"2023-02-10","dateModified":"2023-05-18","mainEntityOfPage":"https:\/\/www.afchj.cz\/nenavist-v-praci\/","author":{"@type":"Person","@id":"https:\/\/www.afchj.cz\/author\/#Person","name":"","url":"https:\/\/www.afchj.cz\/author\/","identifier":1,"image":{"@type":"ImageObject","@id":"https:\/\/secure.gravatar.com\/avatar\/25a824e14ead2d36aba24b918221841350fb41cea98048e9b1929df8c4bf4bd8?s=96&d=mm&r=g","url":"https:\/\/secure.gravatar.com\/avatar\/25a824e14ead2d36aba24b918221841350fb41cea98048e9b1929df8c4bf4bd8?s=96&d=mm&r=g","height":96,"width":96}},"publisher":{"@type":"Organization","name":"afchj.cz","logo":{"@type":"ImageObject","@id":"\/logo.png","url":"\/logo.png","width":600,"height":60}},"image":{"@type":"ImageObject","@id":"https:\/\/www.afchj.cz\/wp-content\/uploads\/black-and-white-2590810_960_720_4.jpg","url":"https:\/\/www.afchj.cz\/wp-content\/uploads\/black-and-white-2590810_960_720_4.jpg","height":0,"width":0},"wordCount":552,"keywords":null}]},{"@context":"https:\/\/schema.org","@type":"WebSite","@id":"https:\/\/www.afchj.cz\/#website","name":"Afchj","url":"https:\/\/www.afchj.cz","potentialAction":{"@type":"SearchAction","target":"https:\/\/www.afchj.cz\/?s={search_term_string}","query-input":"required name=search_term_string"}}]