[{"@context":"https:\/\/schema.org\/","@type":"Article","@id":"https:\/\/www.afchj.cz\/moda-a-second-hand\/#Article","mainEntityOfPage":"https:\/\/www.afchj.cz\/moda-a-second-hand\/","headline":"M\u00f3da a second hand","name":"M\u00f3da a second hand","description":"Mysl\u00edm si, \u017ee opravdu ka\u017ed\u00fd \u010dlov\u011bk, a to hlavn\u011b \u017eeny, maj\u00ed r\u00e1dy m\u00f3du. J\u00e1 abych se p\u0159iznala, tak jsem opravdu hodn\u011b velk\u00fd m\u00f3dn\u00ed nad\u0161enec, proto\u017ee jsem tak\u00e9 zeptala sv\u00e9 mamince, jestli i ona m\u00e1 r\u00e1da m\u00f3du. A nakonec to vy\u0161lo tak, \u017ee i moje maminka m\u00e1 r\u00e1da m\u00f3du a \u0159\u00edkala...","datePublished":"2023-01-10","dateModified":"2023-05-18","author":{"@type":"Person","@id":"https:\/\/www.afchj.cz\/author\/#Person","name":"","url":"https:\/\/www.afchj.cz\/author\/","identifier":1,"image":{"@type":"ImageObject","@id":"https:\/\/secure.gravatar.com\/avatar\/25a824e14ead2d36aba24b918221841350fb41cea98048e9b1929df8c4bf4bd8?s=96&d=mm&r=g","url":"https:\/\/secure.gravatar.com\/avatar\/25a824e14ead2d36aba24b918221841350fb41cea98048e9b1929df8c4bf4bd8?s=96&d=mm&r=g","height":96,"width":96}},"publisher":{"@type":"Organization","name":"afchj.cz","logo":{"@type":"ImageObject","@id":"\/logo.png","url":"\/logo.png","width":600,"height":60}},"image":{"@type":"ImageObject","@id":"https:\/\/www.afchj.cz\/wp-content\/uploads\/woman-2593366_960_720.jpg","url":"https:\/\/www.afchj.cz\/wp-content\/uploads\/woman-2593366_960_720.jpg","height":0,"width":0},"url":"https:\/\/www.afchj.cz\/moda-a-second-hand\/","about":["M\u00f3da"],"wordCount":422,"articleBody":"Mysl\u00edm si, \u017ee opravdu ka\u017ed\u00fd \u010dlov\u011bk, a to hlavn\u011b \u017eeny, maj\u00ed r\u00e1dy m\u00f3du. J\u00e1 abych se p\u0159iznala, tak jsem opravdu hodn\u011b velk\u00fd m\u00f3dn\u00ed nad\u0161enec, proto\u017ee jsem tak\u00e9 zeptala sv\u00e9 mamince, jestli i ona m\u00e1 r\u00e1da m\u00f3du. A nakonec to vy\u0161lo tak, \u017ee i moje maminka m\u00e1 r\u00e1da m\u00f3du a \u0159\u00edkala mi sama od sebe, \u017ee kdyby nebyla \u017eena, tak by jako mu\u017e i tak m\u011bla hodn\u011b r\u00e1da m\u00f3du. Ale co? V\u017edy\u0165\u00a0i p\u00e1nov\u00e9 cht\u011bj\u00ed vypadat elegantn\u011b nebo sexy a cht\u011bj\u00ed b\u00fdt upraven\u00ed. Existuje pro v\u0161echny ur\u010dit\u00fd dress code. Tak\u017ee jsem si \u0159ekla, \u017ee nejlep\u0161\u00ed bude, kdybych se o m\u00f3du trochu v\u00edce zaj\u00edmala.A to ne z toho d\u016fvodu, \u017ee moje maminka m\u00e1 opravdu r\u00e1da m\u00f3du, ale sp\u00ed\u0161e jenom z toho d\u016fvodu, \u017ee m\u011b m\u00f3da moc zaj\u00edm\u00e1 a bav\u00ed m\u011b jej\u00ed rozmanitost. Tak\u017ee jsem si \u0159ekla, \u017ee by opravdu bylo nejlep\u0161\u00ed, kdybych se m\u00f3d\u011b v\u00edce v\u011bnovala. Tak\u017ee to za\u010dalo v\u0161echno tak, \u017ee jsem za\u010dala chodit do second handu. Abych pravdu \u0159ekla, tak m\u00f3da v second handech je opravdu velice zaj\u00edmav\u00e1 a l\u00edb\u00ed se mi, proto\u017ee v second handu najdete tolik modern\u00edch kousk\u016f oble\u010den\u00ed, \u017ee si o tom m\u016f\u017eete nechat jenom zd\u00e1t. Byla jsem p\u0159ekvapen\u00e1, jak\u00e9 kr\u00e1sn\u00e9 kousky jsem na\u0161la tak\u00e9 v second handu. A tak\u00e9 mus\u00edm uznat, \u017ee n\u011bkdy opravdu nech\u00e1pu, co lid\u00e9 do toho second handu daj\u00ed, proto\u017ee tam d\u00e1vaj\u00ed tolik kr\u00e1sn\u00fdch druh\u016f a kousku oble\u010den\u00ed, \u017ee se mi n\u011bkdy se z toho chce a\u017e bre\u010det. Tak\u017ee jsem se rozhodla, \u017ee nebudu zbyte\u010dn\u011b nakupovat opravdu nov\u00e9 oble\u010den\u00ed, ale \u017ee si velice \u010dasto p\u016fjdu nakoupit do second handu. Moje maminka tomu \u0159\u00edk\u00e1, \u017ee je to hrab\u00e1rna. \u017de pr\u00fd lid\u00e9 se tam p\u0159ehrabuj\u00ed v pou\u017eit\u00e9m oble\u010den\u00ed. Ale moje maminka to mysl\u00ed v tom pozitivn\u00edm smyslu. Proto\u017ee moje maminka taky moc r\u00e1da chod\u00ed do second handu, tak\u017ee m\u00e1me spole\u010dnou z\u00e1libu. A to n\u00e1s taky s maminkou spojuje, proto\u017ee ob\u011b dv\u011b m\u00e1me moc r\u00e1dy m\u00f3du. V m\u00f3d\u011b se ani nemus\u00edte \u00fapln\u011b vyznat, sta\u010d\u00ed v\u00e1m, kdy\u017e budete m\u00edt vkus a styl, kter\u00fd si sami utvo\u0159\u00edte.\u00a0                                                                                                                                                                                                                                                                                                                                                                                        5\/5 - (5 votes)        "},{"@context":"https:\/\/schema.org\/","@type":"BreadcrumbList","itemListElement":[{"@type":"ListItem","position":1,"name":"M\u00f3da a second hand","item":"https:\/\/www.afchj.cz\/moda-a-second-hand\/#breadcrumbitem"}]}]