[{"@context":"https:\/\/schema.org\/","@type":"Article","@id":"https:\/\/www.afchj.cz\/likvidace-preprava-nakladka-a-odvoz-odpadu-suti-ci-materialu\/#Article","mainEntityOfPage":"https:\/\/www.afchj.cz\/likvidace-preprava-nakladka-a-odvoz-odpadu-suti-ci-materialu\/","headline":"Likvidace, p\u0159eprava, nakl\u00e1dka, a odvoz odpad\u016f, suti \u010di materi\u00e1lu.","name":"Likvidace, p\u0159eprava, nakl\u00e1dka, a odvoz odpad\u016f, suti \u010di materi\u00e1lu.","description":"Odvoz suti, odvoz odpadu, p\u0159eprava p\u00edsku, \u0161t\u011brku a betonu, likvidace demoli\u010dn\u00edch odpad\u016f, odpadu z vykl\u00edzen\u00ed a zahrad, likvidace komun\u00e1ln\u00edho odpadu a likvidace eternitu. To v\u0161e a mnohem v\u00edce od pra\u017esk\u00e9 firmy. Ano, dnes je d\u016fle\u017eit\u00e9, aby jak podnikatel\u00e9 nebo stavebn\u00ed firmy, tak soukrom\u00e9 osoby \u0161et\u0159ili sv\u00fdmi \u00fasporami a financemi. Nab\u00edz\u00edme...","datePublished":"2024-03-24","dateModified":"2024-03-24","author":{"@type":"Person","@id":"https:\/\/www.afchj.cz\/author\/#Person","name":"","url":"https:\/\/www.afchj.cz\/author\/","identifier":1,"image":{"@type":"ImageObject","@id":"https:\/\/secure.gravatar.com\/avatar\/25a824e14ead2d36aba24b918221841350fb41cea98048e9b1929df8c4bf4bd8?s=96&d=mm&r=g","url":"https:\/\/secure.gravatar.com\/avatar\/25a824e14ead2d36aba24b918221841350fb41cea98048e9b1929df8c4bf4bd8?s=96&d=mm&r=g","height":96,"width":96}},"publisher":{"@type":"Organization","name":"afchj.cz","logo":{"@type":"ImageObject","@id":"\/logo.png","url":"\/logo.png","width":600,"height":60}},"url":"https:\/\/www.afchj.cz\/likvidace-preprava-nakladka-a-odvoz-odpadu-suti-ci-materialu\/","wordCount":212,"articleBody":"\tOdvoz suti, odvoz odpadu, p\u0159eprava p\u00edsku, \u0161t\u011brku a betonu, likvidace demoli\u010dn\u00edch odpad\u016f, odpadu z vykl\u00edzen\u00ed a zahrad, likvidace komun\u00e1ln\u00edho odpadu a likvidace eternitu. To v\u0161e a mnohem v\u00edce od pra\u017esk\u00e9 firmy. Ano, dnes je d\u016fle\u017eit\u00e9, aby jak podnikatel\u00e9 nebo stavebn\u00ed firmy, tak soukrom\u00e9 osoby \u0161et\u0159ili sv\u00fdmi \u00fasporami a financemi. Nab\u00edz\u00edme flexibiln\u00ed slu\u017eby pro ka\u017ed\u00e9ho. Jsme schopni p\u0159istavit v\u00e1m kontejner na odpad o r\u016fzn\u00fdch rozm\u011brech a\u017e do 12 tun nebo deseti metr\u016f krychlov\u00fdch. D\u00e1le nab\u00edz\u00edme slu\u017eby, jako jsou v\u00fdkopov\u00e9 pr\u00e1ce, demolice, bagrov\u00e1n\u00ed, nakl\u00e1dka materi\u00e1lu a dal\u0161\u00ed. Slu\u017eby, kter\u00e9 nab\u00edz\u00edme, maj\u00ed v\u017edy flexibiln\u00ed charakter a z\u00e1le\u017e\u00ed na domluv\u011b, ve kter\u00e9 jsme v\u017edy vst\u0159\u00edcn\u00ed po\u017eadavk\u016fm klienta. Vyberte si na\u0161i kvalitn\u00ed v\u00fdkonnou techniku a my v\u00e1m na opl\u00e1tku nab\u00eddneme efektivn\u00ed, rychle odvedenou pr\u00e1ci za levn\u00fdch cenov\u00fdch podm\u00ednek. S n\u00e1mi nemus\u00edte m\u00edt strach, jsme seri\u00f3zn\u00ed firmou s mnohaletou zku\u0161enost\u00ed. Nav\u0161tivte na\u0161e internetov\u00e9 str\u00e1nky, vyberte si danou slu\u017ebu a objednejte. Jsme tu pro v\u00e1s.                                                                                                                                                                                                                                                                                                                                                                                          3.9\/5 - (8 votes)        "},{"@context":"https:\/\/schema.org\/","@type":"BreadcrumbList","itemListElement":[{"@type":"ListItem","position":1,"name":"Likvidace, p\u0159eprava, nakl\u00e1dka, a odvoz odpad\u016f, suti \u010di materi\u00e1lu.","item":"https:\/\/www.afchj.cz\/likvidace-preprava-nakladka-a-odvoz-odpadu-suti-ci-materialu\/#breadcrumbitem"}]}]