[{"@context":"https:\/\/schema.org\/","@type":"Article","@id":"https:\/\/www.afchj.cz\/letni-svatby\/#Article","mainEntityOfPage":"https:\/\/www.afchj.cz\/letni-svatby\/","headline":"Letn\u00ed svatby","name":"Letn\u00ed svatby","description":"Letn\u00ed svatby jsou velice obl\u00edben\u00e9. Aby ne, kdy\u017e je slune\u010dn\u00e9 po\u010das\u00ed a sv\u011btlo dlouho do ve\u010dera. Je modern\u00ed m\u00edt svatbu venku, a k tomu l\u00e9to p\u0159\u00edmo vyb\u00edz\u00ed. Jestli se chcete br\u00e1t a p\u0159em\u00fd\u0161l\u00edte kdy si stanovit term\u00edn, nejsp\u00ed\u0161 v\u00e1s napadne n\u011bjak\u00e9 hezk\u00e9 datum pr\u00e1v\u011b od kv\u011btna do z\u00e1\u0159\u00ed. P\u0159i pl\u00e1nov\u00e1n\u00ed...","datePublished":"2023-06-19","dateModified":"2023-07-20","author":{"@type":"Person","@id":"https:\/\/www.afchj.cz\/author\/#Person","name":"","url":"https:\/\/www.afchj.cz\/author\/","identifier":1,"image":{"@type":"ImageObject","@id":"https:\/\/secure.gravatar.com\/avatar\/25a824e14ead2d36aba24b918221841350fb41cea98048e9b1929df8c4bf4bd8?s=96&d=mm&r=g","url":"https:\/\/secure.gravatar.com\/avatar\/25a824e14ead2d36aba24b918221841350fb41cea98048e9b1929df8c4bf4bd8?s=96&d=mm&r=g","height":96,"width":96}},"publisher":{"@type":"Organization","name":"afchj.cz","logo":{"@type":"ImageObject","@id":"\/logo.png","url":"\/logo.png","width":600,"height":60}},"image":{"@type":"ImageObject","@id":"https:\/\/www.afchj.cz\/wp-content\/uploads\/party-gefa097b19_640_5.jpg","url":"https:\/\/www.afchj.cz\/wp-content\/uploads\/party-gefa097b19_640_5.jpg","height":0,"width":0},"url":"https:\/\/www.afchj.cz\/letni-svatby\/","about":["Byznys"],"wordCount":447,"articleBody":"      Letn\u00ed svatby jsou velice obl\u00edben\u00e9. Aby ne, kdy\u017e je slune\u010dn\u00e9 po\u010das\u00ed a sv\u011btlo dlouho do ve\u010dera. Je modern\u00ed m\u00edt svatbu venku, a k tomu l\u00e9to p\u0159\u00edmo vyb\u00edz\u00ed. Jestli se chcete br\u00e1t a p\u0159em\u00fd\u0161l\u00edte kdy si stanovit term\u00edn, nejsp\u00ed\u0161 v\u00e1s napadne n\u011bjak\u00e9 hezk\u00e9 datum pr\u00e1v\u011b od kv\u011btna do z\u00e1\u0159\u00ed. P\u0159i pl\u00e1nov\u00e1n\u00ed svatby je pot\u0159eba myslet na v\u0161echno. Mus\u00edte si nejprve vybrat m\u00edsto a datum svatby, proto\u017ee od toho se odv\u00edj\u00ed v\u0161e ostatn\u00ed. V\u011bt\u0161ina nev\u011bst si chce svatbu napl\u00e1novat sama, tak\u017ee pokud pl\u00e1nujete \u017ee si v\u0161echno za\u0159\u00edd\u00edte jako nev\u011bsta sama, je pot\u0159eba po\u010d\u00edtat s t\u00edm, \u017ee n\u011bkter\u00e9 v\u011bci jako svatebn\u00ed m\u00edsto m\u016f\u017ee b\u00fdt zabr\u00e1no i na n\u011bkolik m\u011bs\u00edc\u016f dop\u0159edu a vy tak budete muset \u010dekat na to a\u017e bude volno.St\u011b\u017eejn\u00ed je v\u00fdb\u011br m\u00edsta, proto\u017ee kv\u016fli popul\u00e1rn\u00edmu m\u00edstu m\u016f\u017eete na svatbu \u010dekat i rok. Chcete se br\u00e1t ve svatebn\u00ed stodole nebo n\u011bkde v zahradn\u00ed restauraci? Pak po\u010d\u00edtejte s t\u00edm, \u017ee podobn\u00fd n\u00e1pad m\u00e1 v\u011bt\u0161ina nev\u011bst a proto je pot\u0159eba opravdu za\u010d\u00edt s v\u00fdb\u011brem svatebn\u00edho m\u00edsta. Jestli se chcete br\u00e1t venku, je dobr\u00e9 m\u00edt nejen p\u0159ipravenou romantickou svatbu plnou kv\u011btin, ale l n\u011bjak\u00e9 p\u0159\u00edst\u0159e\u0161\u00ed nejen pro p\u0159\u00edpad de\u0161t\u011b, ale i pro p\u0159\u00edpad velk\u00e9ho horka. Je dobr\u00e9 m\u00edt se kam schovat nejen p\u0159ed de\u0161t\u011bm ale i p\u0159ed horkem. Pokud na v\u00e1mi vybran\u00e9m m\u00edst\u011b nen\u00ed k dispozici \u017e\u00e1dn\u00e1 budova, ale jde \u010dist\u011b o p\u0159\u00edrodn\u00ed  http:\/\/www.prirodnibydleni.cz\/ svatbu, je dobr\u00e9 v\u011bd\u011bt, jestli je ve va\u0161em okol\u00ed n\u011bjak\u00e1 p\u016fj\u010dovna p\u00e1rty stan Partystany\u016f,, kter\u00e1 v\u00e1m zap\u016fj\u010d\u00ed stan na va\u0161i svatbu.Jak\u00e9 stany si m\u016f\u017eete p\u016fj\u010dit? P\u016fj\u010dovny stan\u016f maj\u00ed k dispozici stany o mnoha velikostech &#8211; men\u0161\u00ed t\u0159eba jen na ob\u010derstven\u00ed a pak opravdu velk\u00e9 stany pro velk\u00fd po\u010det lid\u00ed. Jsou nepromokav\u00e9, tak\u017ee pod nimi pro\u017eijete i svatbu ve velk\u00e9m de\u0161ti. Ani de\u0161tiv\u00e1 svatba nemus\u00ed b\u00fdt \u0161patn\u00e1, naopak m\u016f\u017ee vypadat velmi hezky. Star\u0161\u00ed si stany p\u011bkn\u011b vyzdobit a vybavit si je podlahou, kter\u00e1 v\u00e1s ochr\u00e1n\u00ed p\u0159ed bahnem. Podlahy i n\u00e1bytek jsou k dispozici v p\u016fj\u010dovn\u00e1ch.                                                                                                                                                                                                                                                                                                                                                                                          4\/5 - (9 votes)        "},{"@context":"https:\/\/schema.org\/","@type":"BreadcrumbList","itemListElement":[{"@type":"ListItem","position":1,"name":"Letn\u00ed svatby","item":"https:\/\/www.afchj.cz\/letni-svatby\/#breadcrumbitem"}]}]