{"@context":"https:\/\/schema.org\/","@type":"CollectionPage","@id":"https:\/\/www.afchj.cz\/krasa\/#CollectionPage","headline":"Kr\u00e1sa Category","description":"","url":"https:\/\/www.afchj.cz\/krasa\/","hasPart":[{"@type":"Article","@id":"https:\/\/www.afchj.cz\/jak-vybrat-spravny-make-up-produkt-pro-vasi-pokozku\/","headline":"Jak vybrat spr\u00e1vn\u00fd make-up produkt pro va\u0161i poko\u017eku","url":"https:\/\/www.afchj.cz\/jak-vybrat-spravny-make-up-produkt-pro-vasi-pokozku\/","datePublished":"2024-03-11","dateModified":"2024-03-20","mainEntityOfPage":"https:\/\/www.afchj.cz\/jak-vybrat-spravny-make-up-produkt-pro-vasi-pokozku\/","author":{"@type":"Person","@id":"https:\/\/www.afchj.cz\/author\/#Person","name":"","url":"https:\/\/www.afchj.cz\/author\/","identifier":1,"image":{"@type":"ImageObject","@id":"https:\/\/secure.gravatar.com\/avatar\/25a824e14ead2d36aba24b918221841350fb41cea98048e9b1929df8c4bf4bd8?s=96&d=mm&r=g","url":"https:\/\/secure.gravatar.com\/avatar\/25a824e14ead2d36aba24b918221841350fb41cea98048e9b1929df8c4bf4bd8?s=96&d=mm&r=g","height":96,"width":96}},"publisher":{"@type":"Organization","name":"afchj.cz","logo":{"@type":"ImageObject","@id":"\/logo.png","url":"\/logo.png","width":600,"height":60}},"image":{"@type":"ImageObject","@id":"https:\/\/www.afchj.cz\/wp-content\/uploads\/make_up_qI8Shs.jpg","url":"https:\/\/www.afchj.cz\/wp-content\/uploads\/make_up_qI8Shs.jpg","height":0,"width":0},"keywords":null},{"@type":"Article","@id":"https:\/\/www.afchj.cz\/co-pomaha-na-suche-ruce-doprejte-jim-zvlastni-peci\/","headline":"Co pom\u00e1h\u00e1 na such\u00e9 ruce? Dop\u0159ejte jim zvl\u00e1\u0161tn\u00ed p\u00e9\u010di!","url":"https:\/\/www.afchj.cz\/co-pomaha-na-suche-ruce-doprejte-jim-zvlastni-peci\/","datePublished":"2023-09-26","dateModified":"2024-02-26","mainEntityOfPage":"https:\/\/www.afchj.cz\/co-pomaha-na-suche-ruce-doprejte-jim-zvlastni-peci\/","author":{"@type":"Person","@id":"https:\/\/www.afchj.cz\/author\/#Person","name":"","url":"https:\/\/www.afchj.cz\/author\/","identifier":1,"image":{"@type":"ImageObject","@id":"https:\/\/secure.gravatar.com\/avatar\/25a824e14ead2d36aba24b918221841350fb41cea98048e9b1929df8c4bf4bd8?s=96&d=mm&r=g","url":"https:\/\/secure.gravatar.com\/avatar\/25a824e14ead2d36aba24b918221841350fb41cea98048e9b1929df8c4bf4bd8?s=96&d=mm&r=g","height":96,"width":96}},"publisher":{"@type":"Organization","name":"afchj.cz","logo":{"@type":"ImageObject","@id":"\/logo.png","url":"\/logo.png","width":600,"height":60}},"image":{"@type":"ImageObject","@id":"https:\/\/www.afchj.cz\/wp-content\/uploads\/aluminum-tubes-187804_640.jpg","url":"https:\/\/www.afchj.cz\/wp-content\/uploads\/aluminum-tubes-187804_640.jpg","height":0,"width":0},"keywords":null},{"@type":"Article","@id":"https:\/\/www.afchj.cz\/plasticka-operace\/","headline":"Plastick\u00e1 operace","url":"https:\/\/www.afchj.cz\/plasticka-operace\/","datePublished":"2022-11-07","dateModified":"2023-06-07","mainEntityOfPage":"https:\/\/www.afchj.cz\/plasticka-operace\/","author":{"@type":"Person","@id":"https:\/\/www.afchj.cz\/author\/#Person","name":"","url":"https:\/\/www.afchj.cz\/author\/","identifier":1,"image":{"@type":"ImageObject","@id":"https:\/\/secure.gravatar.com\/avatar\/25a824e14ead2d36aba24b918221841350fb41cea98048e9b1929df8c4bf4bd8?s=96&d=mm&r=g","url":"https:\/\/secure.gravatar.com\/avatar\/25a824e14ead2d36aba24b918221841350fb41cea98048e9b1929df8c4bf4bd8?s=96&d=mm&r=g","height":96,"width":96}},"publisher":{"@type":"Organization","name":"afchj.cz","logo":{"@type":"ImageObject","@id":"\/logo.png","url":"\/logo.png","width":600,"height":60}},"image":{"@type":"ImageObject","@id":"https:\/\/www.afchj.cz\/wp-content\/uploads\/portrait-3204843_1280.jpg","url":"https:\/\/www.afchj.cz\/wp-content\/uploads\/portrait-3204843_1280.jpg","height":0,"width":0},"keywords":null},{"@type":"Article","@id":"https:\/\/www.afchj.cz\/slunecni-bryle-jako-modni-doplnek\/","headline":"Slune\u010dn\u00ed br\u00fdle jako m\u00f3dn\u00ed dopln\u011bk","url":"https:\/\/www.afchj.cz\/slunecni-bryle-jako-modni-doplnek\/","datePublished":"2022-01-15","dateModified":"2022-01-15","mainEntityOfPage":"https:\/\/www.afchj.cz\/slunecni-bryle-jako-modni-doplnek\/","author":{"@type":"Person","@id":"https:\/\/www.afchj.cz\/author\/#Person","name":"","url":"https:\/\/www.afchj.cz\/author\/","identifier":1,"image":{"@type":"ImageObject","@id":"https:\/\/secure.gravatar.com\/avatar\/25a824e14ead2d36aba24b918221841350fb41cea98048e9b1929df8c4bf4bd8?s=96&d=mm&r=g","url":"https:\/\/secure.gravatar.com\/avatar\/25a824e14ead2d36aba24b918221841350fb41cea98048e9b1929df8c4bf4bd8?s=96&d=mm&r=g","height":96,"width":96}},"publisher":{"@type":"Organization","name":"afchj.cz","logo":{"@type":"ImageObject","@id":"\/logo.png","url":"\/logo.png","width":600,"height":60}},"image":{"@type":"ImageObject","@id":"https:\/\/www.afchj.cz\/wp-content\/uploads\/tvar%20br%C3%BDl%C3%AD.png","url":"https:\/\/www.afchj.cz\/wp-content\/uploads\/tvar%20br%C3%BDl%C3%AD.png","height":0,"width":0},"keywords":null},{"@type":"Article","@id":"https:\/\/www.afchj.cz\/netrapte-se-zbytecnymi-otazkami-pri-vyberu-satu\/","headline":"Netrapte se zbyte\u010dn\u00fdmi ot\u00e1zkami p\u0159i v\u00fdb\u011bru \u0161at\u016f","url":"https:\/\/www.afchj.cz\/netrapte-se-zbytecnymi-otazkami-pri-vyberu-satu\/","datePublished":"2018-11-04","dateModified":"2018-11-04","mainEntityOfPage":"https:\/\/www.afchj.cz\/netrapte-se-zbytecnymi-otazkami-pri-vyberu-satu\/","author":{"@type":"Person","@id":"https:\/\/www.afchj.cz\/author\/#Person","name":"","url":"https:\/\/www.afchj.cz\/author\/","identifier":1,"image":{"@type":"ImageObject","@id":"https:\/\/secure.gravatar.com\/avatar\/25a824e14ead2d36aba24b918221841350fb41cea98048e9b1929df8c4bf4bd8?s=96&d=mm&r=g","url":"https:\/\/secure.gravatar.com\/avatar\/25a824e14ead2d36aba24b918221841350fb41cea98048e9b1929df8c4bf4bd8?s=96&d=mm&r=g","height":96,"width":96}},"publisher":{"@type":"Organization","name":"afchj.cz","logo":{"@type":"ImageObject","@id":"\/logo.png","url":"\/logo.png","width":600,"height":60}},"image":{"@type":"ImageObject","@id":"https:\/\/www.afchj.cz\/wp-content\/uploads\/img_a331297_w1690_t1543579492.jpg","url":"https:\/\/www.afchj.cz\/wp-content\/uploads\/img_a331297_w1690_t1543579492.jpg","height":0,"width":0},"keywords":null}]}