[{"@context":"https:\/\/schema.org\/","@type":"Article","@id":"https:\/\/www.afchj.cz\/jaka-jsou-pravidla-pro-deti-na-kole\/#Article","mainEntityOfPage":"https:\/\/www.afchj.cz\/jaka-jsou-pravidla-pro-deti-na-kole\/","headline":"Jak\u00e1 jsou pravidla pro d\u011bti na kole?","name":"Jak\u00e1 jsou pravidla pro d\u011bti na kole?","description":"J\u00edzda na kole pat\u0159\u00ed k\u00a0obl\u00edben\u00fdm kratochv\u00edl\u00edm zvl\u00e1\u0161t\u011b u d\u011bt\u00ed. Je tomu tak ji\u017e po generace, a plat\u00ed to st\u00e1le, a\u010dkoliv by mnoz\u00ed tvrdili opak. Je v\u0161ak pravdou, \u017ee jen m\u00e1lokdo z\u00a0\u0159ad d\u011btsk\u00fdch cyklist\u016f dnes dodr\u017euje v\u0161echny z\u00e1kony a povinnosti, kter\u00e9 jsou pot\u0159eba. V\u011bt\u0161inou proto, \u017ee o nich vlastn\u011b nev\u00ed. Jak\u00e9...","datePublished":"2023-02-27","dateModified":"2023-07-27","author":{"@type":"Person","@id":"https:\/\/www.afchj.cz\/author\/#Person","name":"","url":"https:\/\/www.afchj.cz\/author\/","identifier":1,"image":{"@type":"ImageObject","@id":"https:\/\/secure.gravatar.com\/avatar\/25a824e14ead2d36aba24b918221841350fb41cea98048e9b1929df8c4bf4bd8?s=96&d=mm&r=g","url":"https:\/\/secure.gravatar.com\/avatar\/25a824e14ead2d36aba24b918221841350fb41cea98048e9b1929df8c4bf4bd8?s=96&d=mm&r=g","height":96,"width":96}},"publisher":{"@type":"Organization","name":"afchj.cz","logo":{"@type":"ImageObject","@id":"\/logo.png","url":"\/logo.png","width":600,"height":60}},"image":{"@type":"ImageObject","@id":"https:\/\/www.afchj.cz\/wp-content\/uploads\/cyklista1_1.jpg","url":"https:\/\/www.afchj.cz\/wp-content\/uploads\/cyklista1_1.jpg","height":0,"width":0},"url":"https:\/\/www.afchj.cz\/jaka-jsou-pravidla-pro-deti-na-kole\/","about":["Moto"],"wordCount":446,"articleBody":"J\u00edzda na kole pat\u0159\u00ed k\u00a0obl\u00edben\u00fdm kratochv\u00edl\u00edm zvl\u00e1\u0161t\u011b u d\u011bt\u00ed. Je tomu tak ji\u017e po generace, a plat\u00ed to st\u00e1le, a\u010dkoliv by mnoz\u00ed tvrdili opak. Je v\u0161ak pravdou, \u017ee jen m\u00e1lokdo z\u00a0\u0159ad d\u011btsk\u00fdch cyklist\u016f dnes dodr\u017euje v\u0161echny z\u00e1kony a povinnosti, kter\u00e9 jsou pot\u0159eba. V\u011bt\u0161inou proto, \u017ee o nich vlastn\u011b nev\u00ed. Jak\u00e9 to jsou?\u00a0V\u00a0prvn\u00ed \u0159ad\u011b je to minim\u00e1ln\u00ed v\u011bk, kdy sm\u00ed bez doprovodu samo do provozu. T\u00edm je hranice 10 let. V\u00a0tomto v\u011bku se pova\u017euje ji\u017e za natolik vysp\u011bl\u00e9, aby dok\u00e1zalo vyhodnotit nejr\u016fzn\u011bj\u0161\u00ed situace a spr\u00e1vn\u011b na n\u011b zareagovat. Samoz\u0159ejm\u011b je pot\u0159eba dodat, \u017ee na d\u00e1lnici maj\u00ed v\u0161ichni cyklist\u00e9 vjezd zak\u00e1z\u00e1n.\u00a0D\u00e1le je to pak pot\u0159ebn\u00e1 v\u00fdbava. Tu tvo\u0159\u00ed p\u0159edev\u0161\u00edm helma. Ta by m\u011bla b\u00fdt skute\u010dn\u011b kvalitn\u00ed, nebo\u0165 \u00faraz hlavy m\u016f\u017ee m\u00edt skute\u010dn\u011b o\u0161kliv\u00e9 n\u00e1sledky, mnohdy i celo\u017eivotn\u00ed. Proto bychom na n\u00ed nem\u011bli \u0161et\u0159it a v\u017edy trvat na tom, aby ji na\u0161e d\u00edt\u011b na sob\u011b m\u011blo. Pokud toti\u017e spadne hlavou p\u0159\u00edmo na hranu obrubn\u00edku, bude ji\u017e pozd\u011b na\u0159\u00edkat.\u00a0\u00a0Co se kola t\u00fd\u010de, to by m\u011blo b\u00fdt v\u00a0dobr\u00e9m technick\u00e9m stavu. Jednodu\u0161e \u0159e\u010deno, nem\u011blo by hrozit, \u017ee se n\u00e1m n\u011bkde v\u00a0polovin\u011b cesty porouch\u00e1, nap\u0159\u00edklad upadne \u0159et\u011bz nebo dokonce kolo. Pokud by se n\u011bco takov\u00e9ho stalo v\u00a0pln\u00e9m provozu a ona \u010d\u00e1st spadla pod jedouc\u00ed auto, pak bychom mohli, by\u0165 necht\u011bn\u011b, zp\u016fsobit dopravn\u00ed nehodu.\u00a0\u00a0D\u00e1le by m\u011blo b\u00fdt vybaveno standardn\u00edmi bezpe\u010dnostn\u00edmi prvky. Ty se skl\u00e1daj\u00ed zejm\u00e9na z\u00a0p\u0159edn\u00edho a zadn\u00edho sv\u011btla a tak\u00e9 z\u00a0odrazek na kole. V\u0161echny tyto sou\u010d\u00e1sti mus\u00ed b\u00fdt naprosto funk\u010dn\u00ed, nebo\u0165 by jinak mohlo b\u00fdt pro \u0159idi\u010de obt\u00ed\u017en\u00e9 cyklistu vid\u011bt, zvl\u00e1\u0161t\u011b za sn\u00ed\u017een\u00e9 viditelnosti.\u00a0K\u00a0tomu samoz\u0159ejm\u011b pat\u0159\u00ed i dostate\u010dn\u011b v\u00fdrazn\u00e9 oble\u010den\u00ed. Rozhodn\u011b neprohloup\u00edme, pokud p\u0159id\u00e1me i reflexn\u00ed prvky. D\u011bti jsou p\u0159eci jen men\u0161\u00ed, a pro \u0159idi\u010de m\u016f\u017ee b\u00fdt obt\u00ed\u017en\u011bj\u0161\u00ed si jich v\u010das v\u0161imnout. M\u011bli bychom tedy za\u0159\u00eddit, aby byly vid\u011bt co nejl\u00e9pe, zvl\u00e1\u0161t\u011b pokud jedou samy. Mo\u017en\u00e1 se to m\u016f\u017ee zd\u00e1t p\u0159ehnan\u00e9, ale m\u011bjme na pam\u011bti, \u017ee tu jde hlavn\u011b o jejich bezpe\u010dnost.                                                                                                                                                                                                                                                                                                                                                                                        4.5\/5 - (6 votes)        "},{"@context":"https:\/\/schema.org\/","@type":"BreadcrumbList","itemListElement":[{"@type":"ListItem","position":1,"name":"Jak\u00e1 jsou pravidla pro d\u011bti na kole?","item":"https:\/\/www.afchj.cz\/jaka-jsou-pravidla-pro-deti-na-kole\/#breadcrumbitem"}]}]