[{"@context":"https:\/\/schema.org\/","@type":"Article","@id":"https:\/\/www.afchj.cz\/dnes-na-elektrine-setrime\/#Article","mainEntityOfPage":"https:\/\/www.afchj.cz\/dnes-na-elektrine-setrime\/","headline":"Dnes na elekt\u0159in\u011b \u0161et\u0159\u00edme","name":"Dnes na elekt\u0159in\u011b \u0161et\u0159\u00edme","description":"Byly doby, kdy se n\u00e1m vedlo po finan\u010dn\u00ed str\u00e1nce daleko l\u00e9pe ne\u017e dnes a kdy byla t\u0159eba elekt\u0159ina pom\u011brn\u011b levn\u00e1 z\u00e1le\u017eitost. A nebylo tedy divu, \u017ee si nikdo moc nel\u00e1mal hlavu s t\u00edm, kolik proudu se spot\u0159ebuje, energeticky \u00fasporn\u00e9 spot\u0159ebi\u010de byly pomalu m\u00f3dn\u00edm v\u00fdst\u0159elkem, a kdy\u017e n\u00e1m zak\u00e1zali t\u0159eba \u017e\u00e1rovky...","datePublished":"2022-12-27","dateModified":"2024-02-09","author":{"@type":"Person","@id":"https:\/\/www.afchj.cz\/author\/#Person","name":"","url":"https:\/\/www.afchj.cz\/author\/","identifier":1,"image":{"@type":"ImageObject","@id":"https:\/\/secure.gravatar.com\/avatar\/25a824e14ead2d36aba24b918221841350fb41cea98048e9b1929df8c4bf4bd8?s=96&d=mm&r=g","url":"https:\/\/secure.gravatar.com\/avatar\/25a824e14ead2d36aba24b918221841350fb41cea98048e9b1929df8c4bf4bd8?s=96&d=mm&r=g","height":96,"width":96}},"publisher":{"@type":"Organization","name":"afchj.cz","logo":{"@type":"ImageObject","@id":"\/logo.png","url":"\/logo.png","width":600,"height":60}},"image":{"@type":"ImageObject","@id":"https:\/\/www.afchj.cz\/wp-content\/uploads\/s_5.jpg","url":"https:\/\/www.afchj.cz\/wp-content\/uploads\/s_5.jpg","height":0,"width":0},"url":"https:\/\/www.afchj.cz\/dnes-na-elektrine-setrime\/","about":["Byznys"],"wordCount":418,"articleBody":"   Byly doby, kdy se n\u00e1m vedlo po finan\u010dn\u00ed str\u00e1nce daleko l\u00e9pe ne\u017e dnes a kdy byla t\u0159eba elekt\u0159ina pom\u011brn\u011b levn\u00e1 z\u00e1le\u017eitost. A nebylo tedy divu, \u017ee si nikdo moc nel\u00e1mal hlavu s t\u00edm, kolik proudu se spot\u0159ebuje, energeticky \u00fasporn\u00e9 spot\u0159ebi\u010de byly pomalu m\u00f3dn\u00edm v\u00fdst\u0159elkem, a kdy\u017e n\u00e1m zak\u00e1zali t\u0159eba \u017e\u00e1rovky a p\u0159inutili n\u00e1s p\u0159ej\u00edt na \u00fasporn\u011bj\u0161\u00ed alternativy, zlobili jsme se.Dnes u\u017e je ale mnoh\u00e9 jinak. L\u00e1ci vyst\u0159\u00eddala drahota, mo\u017enou deflaci nahradila nep\u0159\u00edjemn\u011b vysok\u00e1 inflace, st\u00e1t p\u0159estal b\u00fdt \u0161t\u011bdr\u00fd k lidem s ekonomick\u00fdmi probl\u00e9my, a tak se za\u010dalo \u0161et\u0159it. \u010casto v\u0161ude, kde se jenom \u0161et\u0159it d\u00e1. Pochopiteln\u011b tedy i na elekt\u0159in\u011b, kter\u00e1 pat\u0159ila a pat\u0159\u00ed mezi v\u00fdrazn\u011b zdra\u017een\u00e9 komodity.Dnes u\u017e se lidem p\u0159i spot\u0159ebov\u00e1v\u00e1n\u00ed elekt\u0159iny neprot\u00e1\u010dej\u00ed jenom elektrom\u011bry, ale i panenky v o\u010d\u00edch. Proto\u017ee to znamen\u00e1 nezanedbateln\u00e9 v\u00fddaje. A kdo m\u016f\u017ee, ten na elektrick\u00e9m proudu \u0161et\u0159\u00ed. N\u011bkdo omezuje spot\u0159ebu, aby nemusel tolik platit, a n\u011bkdo se dokonce zbavuje z\u00e1vislosti na dodavatel\u00edch a s\u00e1z\u00ed na vlastn\u00ed zdroje, kter\u00e9 mohou b\u00fdt finan\u010dn\u011b u\u017eite\u010dn\u00e9.Kdekdo u\u017e si ve snaze m\u00edt levn\u011bj\u0161\u00ed elekt\u0159inu po\u0159\u00eddil t\u0159eba sol\u00e1rn\u00ed panely. A pro kdekoho z n\u00e1s to byla i velice rozumn\u00e1 volba. Proto\u017ee nejde o malou investici, jen\u017ee vezmeme-li v potaz, \u017ee n\u00e1m fotovoltaick\u00e9 elektr\u00e1rny vyr\u00e1b\u011bj\u00ed proud bezplatn\u011b, jde o investici, kter\u00e1 se vypl\u00e1c\u00ed. Zkraje se sem vlo\u017e\u00ed pen\u00edze do instalace zm\u00edn\u011bn\u00fdch za\u0159\u00edzen\u00ed, ale pak u\u017e m\u00e1 \u010dlov\u011bk elekt\u0159inu zadarmo, bez ohledu na to, kolik tato pr\u00e1v\u011b na trhu stoj\u00ed. Proto\u017ee slune\u010dn\u00ed svit, ze kter\u00e9ho se tu proud vyr\u00e1b\u00ed, je zadarmo.A nab\u00edz\u00ed n\u00e1m fotovoltaick\u00e9 elektr\u00e1rny Brno nebo n\u011bjak\u00e9 jin\u00e9 m\u011bsto? Samoz\u0159ejm\u011b \u017ee ano. Ty si m\u016f\u017eeme po\u0159\u00eddit, a\u0165 u\u017e jsme odkudkoliv. A jakmile je m\u00e1me, m\u016f\u017eeme si lebedit. Proto\u017ee od t\u00e9 chv\u00edle u\u017e n\u00e1s nemus\u00ed vzru\u0161ovat, o kolik zase zdra\u017eili elekt\u0159inu. A to minim\u00e1ln\u011b po dobu z\u00e1ruky, kter\u00e1 se u takov\u00fdch fotovoltaick\u00fdch elektr\u00e1ren poskytuje a kter\u00e1 je opravdu dlouh\u00e1.                                                                                                                                                                                                                                                                                                                                                                                          3.8\/5 - (9 votes)        "},{"@context":"https:\/\/schema.org\/","@type":"BreadcrumbList","itemListElement":[{"@type":"ListItem","position":1,"name":"Dnes na elekt\u0159in\u011b \u0161et\u0159\u00edme","item":"https:\/\/www.afchj.cz\/dnes-na-elektrine-setrime\/#breadcrumbitem"}]}]