[{"@context":"https:\/\/schema.org\/","@type":"Article","@id":"https:\/\/www.afchj.cz\/co-tvori-domacnost\/#Article","mainEntityOfPage":"https:\/\/www.afchj.cz\/co-tvori-domacnost\/","headline":"Co tvo\u0159\u00ed dom\u00e1cnost?","name":"Co tvo\u0159\u00ed dom\u00e1cnost?","description":"Kdy\u017e si po\u0159\u00edd\u00edme n\u011bjak\u00e9 bydlen\u00ed, d\u016fm nebo byt, m\u00e1me z\u00e1klad pro vytvo\u0159en\u00ed sv\u00e9 vlastn\u00ed dom\u00e1cnosti. Dom\u00e1cnost to sice po\u0159\u00e1d je\u0161t\u011b nen\u00ed, na ni je to m\u00e1lo, ale je velice pravd\u011bpodobn\u00e9, \u017ee tu dom\u00e1cnost m\u00edt budeme. Proto\u017ee co n\u00e1m v\u00a0takov\u00e9m p\u0159\u00edpad\u011b je\u0161t\u011b chyb\u00ed? P\u0159edn\u011b se sem mus\u00ed po\u0159\u00eddit n\u011bjak\u00fd ten n\u00e1bytek....","datePublished":"2024-02-27","dateModified":"2024-02-27","author":{"@type":"Person","@id":"https:\/\/www.afchj.cz\/author\/#Person","name":"","url":"https:\/\/www.afchj.cz\/author\/","identifier":1,"image":{"@type":"ImageObject","@id":"https:\/\/secure.gravatar.com\/avatar\/25a824e14ead2d36aba24b918221841350fb41cea98048e9b1929df8c4bf4bd8?s=96&d=mm&r=g","url":"https:\/\/secure.gravatar.com\/avatar\/25a824e14ead2d36aba24b918221841350fb41cea98048e9b1929df8c4bf4bd8?s=96&d=mm&r=g","height":96,"width":96}},"publisher":{"@type":"Organization","name":"afchj.cz","logo":{"@type":"ImageObject","@id":"\/logo.png","url":"\/logo.png","width":600,"height":60}},"image":{"@type":"ImageObject","@id":"https:\/\/www.afchj.cz\/wp-content\/uploads\/%C5%BE%C5%BE%C5%BE_10_10_10_4.jpg","url":"https:\/\/www.afchj.cz\/wp-content\/uploads\/%C5%BE%C5%BE%C5%BE_10_10_10_4.jpg","height":0,"width":0},"url":"https:\/\/www.afchj.cz\/co-tvori-domacnost\/","about":["Dom\u00e1cnost"],"wordCount":446,"articleBody":"Kdy\u017e si po\u0159\u00edd\u00edme n\u011bjak\u00e9 bydlen\u00ed, d\u016fm nebo byt, m\u00e1me z\u00e1klad pro vytvo\u0159en\u00ed sv\u00e9 vlastn\u00ed dom\u00e1cnosti. Dom\u00e1cnost to sice po\u0159\u00e1d je\u0161t\u011b nen\u00ed, na ni je to m\u00e1lo, ale je velice pravd\u011bpodobn\u00e9, \u017ee tu dom\u00e1cnost m\u00edt budeme. Proto\u017ee co n\u00e1m v\u00a0takov\u00e9m p\u0159\u00edpad\u011b je\u0161t\u011b chyb\u00ed?P\u0159edn\u011b se sem mus\u00ed po\u0159\u00eddit n\u011bjak\u00fd ten n\u00e1bytek. To je jasn\u00e9. Objekt bez n\u00e1bytku nen\u00ed zp\u016fsobil\u00fd ke kvalitn\u00edmu lidsk\u00e9mu \u017eivotu, a tedy jako dom\u00e1cnost nevyhovuje. To by musel b\u00fdt \u010dlov\u011bk v\u00e1\u017en\u011b hodn\u011b chud\u00fd, aby i \u010dty\u0159i hol\u00e9 st\u011bny pova\u017eoval za dom\u00e1cnost.Pak tady samoz\u0159ejm\u011b mus\u00ed fungovat i to, co k\u00a0\u017eivotu v\u00a0takov\u00e9 dom\u00e1cnosti pat\u0159\u00ed. Mus\u00ed tu b\u00fdt topen\u00ed, voda, elekt\u0159ina. Kdy\u017e se m\u00e1 v\u00a0takov\u00e9 dom\u00e1cnost\u00ed \u017e\u00edt, je jasn\u00e9, \u017ee si tam lid\u00e9 mus\u00ed sv\u00edtit, \u017ee se mus\u00ed m\u00fdt a mo\u017en\u00e1 i va\u0159it, a \u017ee se tam nen\u00ed z\u00e1hodno t\u0159\u00e1st zimou.\u00a0Kdy\u017e je to v\u0161e zaji\u0161t\u011bn\u00e9, d\u00e1 se u\u017e o dom\u00e1cnosti mluvit. Ale p\u0159ece jenom tu je\u0161t\u011b po\u0159\u00e1d n\u011bco chyb\u00ed, \u017ee? A to lid\u00e9. V\u00a0dom\u00e1cnosti se toti\u017e m\u00e1 \u017e\u00edt, a bez lid\u00ed to nejde. Tak\u017ee se do takov\u00e9ho za\u0159\u00edzen\u00e9ho domu nebo bytu mus\u00ed n\u011bkdo nast\u011bhovat. A pak u\u017e tu m\u00e1me dom\u00e1cnost.A k\u00a0\u010demu je takov\u00e1 dom\u00e1cnost n\u00e1sledn\u011b je\u0161t\u011b dobr\u00e1? K\u00a0mnoha r\u016fzn\u00fdm d\u016fvod\u016fm.\u00a0Nap\u0159\u00edklad maj\u00ed d\u00edky n\u00ed co d\u011blat statistici. Kte\u0159\u00ed mohou zji\u0161\u0165ovat, jak se jej\u00ed obyvatel\u00e9 maj\u00ed, co vlastn\u00ed, jak\u00e9 maj\u00ed vzd\u011bl\u00e1n\u00ed, \u010d\u00edm se \u017eiv\u00ed a podobn\u011b.\u00a0D\u00e1le slou\u017e\u00ed podobn\u00e1 dom\u00e1cnost i st\u00e1tu a obci. P\u0159inejmen\u0161\u00edm z\u00a0jej\u00edho objektu se p\u0159ece plat\u00ed i da\u0148 z\u00a0nemovitosti.\u00a0Na takov\u00e9 dom\u00e1cnosti se mohou p\u0159i\u017eivit i poji\u0161\u0165ovny, pokud se jejich zam\u011bstnanc\u016fm poda\u0159\u00ed p\u0159esv\u011bd\u010dit \u010dleny takov\u00e9 dom\u00e1cnosti o pot\u0159eb\u011b se pojistit.\u00a0A najde se i dost dal\u0161\u00edch lid\u00ed a instituc\u00ed, jim\u017e n\u011bkdy p\u0159ich\u00e1z\u00ed n\u011b\u010d\u00ed dom\u00e1cnost vhod. Tak\u017ee se u n\u00e1s ur\u010dit\u011b bez dom\u00e1cnost\u00ed neobejdeme. A na\u0161t\u011bst\u00ed si je zakl\u00e1d\u00e1me a m\u016f\u017eeme zakl\u00e1dat. Proto\u017ee kdybychom je nem\u011bli, v\u00e1\u017en\u011b nev\u00edm, co bychom si po\u010dali. My lid\u00e9 u\u017e dnes p\u0159ece nem\u016f\u017eeme \u017e\u00edt pod \u0161ir\u00fdm nebem. Aspo\u0148 pokud nechceme b\u00fdt vyd\u011bd\u011bnci spole\u010dnosti, bezdomovci.                                                                                                                                                                                                                                                                                                                                                                                        4\/5 - (5 votes)        "},{"@context":"https:\/\/schema.org\/","@type":"BreadcrumbList","itemListElement":[{"@type":"ListItem","position":1,"name":"Co tvo\u0159\u00ed dom\u00e1cnost?","item":"https:\/\/www.afchj.cz\/co-tvori-domacnost\/#breadcrumbitem"}]}]