[{"@context":"https:\/\/schema.org\/","@type":"Article","@id":"https:\/\/www.afchj.cz\/budte-vzdy-krasna\/#Article","mainEntityOfPage":"https:\/\/www.afchj.cz\/budte-vzdy-krasna\/","headline":"Bu\u010fte v\u017edy kr\u00e1sn\u00e1","name":"Bu\u010fte v\u017edy kr\u00e1sn\u00e1","description":"Je pro V\u00e1s m\u00f3da taky tak d\u016fle\u017eit\u00e1, jako pro m\u011b? J\u00e1 se popravd\u011b p\u0159izn\u00e1m, \u017ee j\u00e1 si na m\u00f3du potrp\u00edm hodn\u011b, proto\u017ee se stra\u0161n\u011b r\u00e1da obl\u00e9k\u00e1m. Ka\u017ed\u00fd den m\u00e1m jin\u00e9 n\u00e1pady na svoje obl\u00edk\u00e1n\u00ed. Popravd\u011b jsem i takov\u00e1 n\u00e1ladov\u00e1, proto\u017ee jeden den nos\u00edm \u010dernou, a druh\u00fd den t\u0159eba zelenou. M\u00e1m...","datePublished":"2022-11-27","dateModified":"2023-07-27","author":{"@type":"Person","@id":"https:\/\/www.afchj.cz\/author\/#Person","name":"","url":"https:\/\/www.afchj.cz\/author\/","identifier":1,"image":{"@type":"ImageObject","@id":"https:\/\/secure.gravatar.com\/avatar\/25a824e14ead2d36aba24b918221841350fb41cea98048e9b1929df8c4bf4bd8?s=96&d=mm&r=g","url":"https:\/\/secure.gravatar.com\/avatar\/25a824e14ead2d36aba24b918221841350fb41cea98048e9b1929df8c4bf4bd8?s=96&d=mm&r=g","height":96,"width":96}},"publisher":{"@type":"Organization","name":"afchj.cz","logo":{"@type":"ImageObject","@id":"\/logo.png","url":"\/logo.png","width":600,"height":60}},"image":{"@type":"ImageObject","@id":"https:\/\/www.afchj.cz\/wp-content\/uploads\/free-photo-of-zena-pole-venkov-model_1.jpeg","url":"https:\/\/www.afchj.cz\/wp-content\/uploads\/free-photo-of-zena-pole-venkov-model_1.jpeg","height":0,"width":0},"url":"https:\/\/www.afchj.cz\/budte-vzdy-krasna\/","about":["M\u00f3da"],"wordCount":465,"articleBody":"Je pro V\u00e1s m\u00f3da taky tak d\u016fle\u017eit\u00e1, jako pro m\u011b? J\u00e1 se popravd\u011b p\u0159izn\u00e1m, \u017ee j\u00e1 si na m\u00f3du potrp\u00edm hodn\u011b, proto\u017ee se stra\u0161n\u011b r\u00e1da obl\u00e9k\u00e1m. Ka\u017ed\u00fd den m\u00e1m jin\u00e9 n\u00e1pady na svoje obl\u00edk\u00e1n\u00ed. Popravd\u011b jsem i takov\u00e1 n\u00e1ladov\u00e1, proto\u017ee jeden den nos\u00edm \u010dernou, a druh\u00fd den t\u0159eba zelenou. M\u00e1m r\u00e1da velkou barevnost a ta je v m\u00f3d\u011b nejd\u016fle\u017eit\u011bj\u0161\u00ed. Velmi r\u00e1da chod\u00edm i slad\u011bn\u00e1. V l\u00e9t\u011b miluju kr\u00e1sn\u00e9 dlouh\u00e9 \u0161aty, k tomu skv\u011bl\u00e9 n\u00e1u\u0161nice, kter\u00e9 m\u00e1m slad\u011bn\u00e9 k \u0161at\u016fm. L\u00e9to je nejkr\u00e1sn\u011bj\u0161\u00edm obdob\u00edm, proto\u017ee ka\u017ed\u00fd den m\u016f\u017eu chodit \u00fapln\u011b jinak. Zima se od l\u00e9ta hodn\u011b li\u0161\u00ed, proto\u017ee v zim\u011b je \u010dlov\u011bk po\u0159\u00e1d takov\u00fd zahalen\u00fd. Hlavn\u011b je n\u00e1m zima a nechceme se po\u0159\u00e1d n\u011bkde p\u0159evl\u00e9kat a rad\u011bji si zalezeme s tepl\u00fdm \u010dajem pod deku. Tohle mnoho lid\u00ed z n\u00e1s d\u011bl\u00e1. Zima a tepl\u00fd \u010daj do sebe skv\u011ble zapad\u00e1. Takov\u00e9 l\u00e9to, to je \u00fapln\u011b jin\u00e1 hra. V l\u00e9t\u011b si naprosto m\u00f3du u\u017e\u00edv\u00e1m, proto\u017ee si vyberu ze sk\u0159\u00edn\u011b ty nejlep\u0161\u00ed kousky o oble\u010du si je. M\u00e1m doma spoustu oble\u010den\u00ed, kter\u00e9 r\u00e1da nos\u00edm. M\u00e1m plno tri\u010dek, t\u00edlek, \u0161at\u016f, sukn\u00ed. Nejlep\u0161\u00ed je, kdy\u017e se oble\u010du, tak k tomu hled\u00e1m n\u011bjak\u00fd skv\u011bl\u00fd kosmetick\u00fd kousek. Velmi r\u00e1da se l\u00ed\u010d\u00edm, tak p\u0159esn\u011b podle toho, co m\u00e1m na sob\u011b, tak slad\u00edm rt\u011bnku, st\u00edny, a pak to vypad\u00e1 naprosto dokonale.Na kr\u00e1se a m\u00f3d\u011b si r\u00e1da potrp\u00edm, proto\u017ee m\u00f3da je pro ka\u017edou \u017eenu velmi d\u016fle\u017eit\u00e1. My \u017eeny chceme b\u00fdt velmi kr\u00e1sn\u00e9, proto o sebe tolik db\u00e1me. J\u00e1 si rozhodn\u011b potrp\u00edm na slad\u011bn\u00fdch v\u011bcech, proto\u017ee v tom se c\u00edt\u00edm opravdu nejl\u00e9pe. Ka\u017ed\u00e1 \u017eena p\u0159ece chce vypadat dob\u0159e, proto je pot\u0159eba o sebe hodn\u011b db\u00e1t. Chceme se tak\u00e9 l\u00edbit mu\u017e\u016fm, proto chceme i pro n\u011b vypadat velmi dob\u0159e. Ale v prvn\u00ed \u0159ad\u011b se mus\u00edme c\u00edtit my \u017eeny dob\u0159e, pak se m\u016f\u017eeme l\u00edbit mu\u017e\u016fm. V\u017edycky je d\u016fle\u017eit\u00e9, jak se c\u00edt\u00edm j\u00e1, pak si m\u016f\u017eu vyslechnout n\u00e1zor druh\u00fdch. V\u017edycky noste ale to, co se l\u00edb\u00ed V\u00e1m. N\u00e1zor druh\u00fdch si v\u017edy vyslechn\u011bte, ale v\u017edycky dejte na sv\u016fj vlastn\u00ed n\u00e1zor.\u00a0                                                                                                                                                                                                                                                                                                                                                                                        4.7\/5 - (9 votes)        "},{"@context":"https:\/\/schema.org\/","@type":"BreadcrumbList","itemListElement":[{"@type":"ListItem","position":1,"name":"Bu\u010fte v\u017edy kr\u00e1sn\u00e1","item":"https:\/\/www.afchj.cz\/budte-vzdy-krasna\/#breadcrumbitem"}]}]