[{"@context":"https:\/\/schema.org\/","@type":"Article","@id":"https:\/\/www.afchj.cz\/blechy-nam-vadi\/#Article","mainEntityOfPage":"https:\/\/www.afchj.cz\/blechy-nam-vadi\/","headline":"Blechy n\u00e1m vad\u00ed","name":"Blechy n\u00e1m vad\u00ed","description":"Kdy\u017e n\u00e1s lidi n\u011bco sv\u011bd\u00ed, nen\u00ed to p\u0159\u00edjemn\u00e9. Drbeme se, pou\u017e\u00edv\u00e1me n\u011bjak\u00e9 ty masti\u010dky v nad\u011bji, \u017ee t\u00edm ten nep\u0159\u00edjemn\u00fd pocit aspo\u0148 potla\u010d\u00edme, prost\u011b nejsme ve sv\u00e9 k\u016f\u017ei. http:\/\/kutil-florenc.cz\/kuze-barva-na-kuzi-c1862 A kdyby to \u0161lo, za\u0159\u00eddili bychom se tak, aby n\u00e1s n\u011bco podobn\u00e9ho nikdy v \u017eivot\u011b nepotkalo. Co\u017e n\u011bkdy nejde, dejme tomu...","datePublished":"2024-12-21","dateModified":"2024-12-21","author":{"@type":"Person","@id":"https:\/\/www.afchj.cz\/author\/#Person","name":"","url":"https:\/\/www.afchj.cz\/author\/","identifier":1,"image":{"@type":"ImageObject","@id":"https:\/\/secure.gravatar.com\/avatar\/25a824e14ead2d36aba24b918221841350fb41cea98048e9b1929df8c4bf4bd8?s=96&d=mm&r=g","url":"https:\/\/secure.gravatar.com\/avatar\/25a824e14ead2d36aba24b918221841350fb41cea98048e9b1929df8c4bf4bd8?s=96&d=mm&r=g","height":96,"width":96}},"publisher":{"@type":"Organization","name":"afchj.cz","logo":{"@type":"ImageObject","@id":"\/logo.png","url":"\/logo.png","width":600,"height":60}},"image":{"@type":"ImageObject","@id":"https:\/\/www.afchj.cz\/wp-content\/uploads\/bl.png","url":"https:\/\/www.afchj.cz\/wp-content\/uploads\/bl.png","height":0,"width":0},"url":"https:\/\/www.afchj.cz\/blechy-nam-vadi\/","about":["Byznys"],"wordCount":428,"articleBody":"   Kdy\u017e n\u00e1s lidi n\u011bco sv\u011bd\u00ed, nen\u00ed to p\u0159\u00edjemn\u00e9. Drbeme se, pou\u017e\u00edv\u00e1me n\u011bjak\u00e9 ty masti\u010dky v nad\u011bji, \u017ee t\u00edm ten nep\u0159\u00edjemn\u00fd pocit aspo\u0148 potla\u010d\u00edme, prost\u011b nejsme ve sv\u00e9 k\u016f\u017ei. http:\/\/kutil-florenc.cz\/kuze-barva-na-kuzi-c1862  A kdyby to \u0161lo, za\u0159\u00eddili bychom se tak, aby n\u00e1s n\u011bco podobn\u00e9ho nikdy v \u017eivot\u011b nepotkalo. Co\u017e n\u011bkdy nejde, dejme tomu v p\u0159\u00edpad\u011b alergick\u00fdch reakc\u00ed, ale n\u011bkdy ano. Vezm\u011bte si t\u0159eba takov\u00e9 blechy. Kdo z n\u00e1s by je cht\u011bl n\u011bkdy m\u00edt? Samoz\u0159ejm\u011b, \u017ee z t\u011bch, kdo v\u011bd\u00ed, co jsou blechy za\u010d, nikdo. Proto\u017ee bychom my lid\u00e9 ur\u010dit\u011b o\u017eeleli onu minim\u00e1ln\u00ed ztr\u00e1tu krve, kterou pro n\u00e1s bezprost\u0159edn\u00ed kontakt s blechou znamen\u00e1, ale to ostatn\u00ed u\u017e ne.Kdybychom se mohli s blechami rozumn\u011b dohodnout, \u017ee si nech\u00e1me odebrat t\u011bch p\u00e1r kapek krve a d\u00e1me jim je v\u00fdm\u011bnou za to, \u017ee se nebudou krmit p\u0159\u00edmo na n\u00e1s, dohodli bychom se. Jen\u017ee to blechy nech\u00e1pou. A kdy\u017e n\u00e1s tedy poct\u00ed svou n\u00e1v\u0161t\u011bvou, kdy\u017e s nimi m\u00e1me \u017e\u00edt, znamen\u00e1 to i nep\u0159\u00edjemn\u00e9 \u0161t\u00edpance, kv\u016fli kter\u00fdm se drbeme a drbeme, abychom p\u0159ehlu\u0161ili to nep\u0159\u00edjemn\u00e9 sv\u011bd\u011bn\u00ed, kter\u00e9 n\u00e1m jejich kousance zp\u016fsobuj\u00ed. To ale nechceme. A tak t\u0159eba zkus\u00edme jejich mechanickou likvidaci nebo n\u011bjak\u00fd ten post\u0159ik. Ale ne v\u017edy s valn\u00fdm \u00fasp\u011bchem. A kdybychom se odst\u011bhovali v nad\u011bji, \u017ee um\u0159ou bez na\u0161\u00ed p\u0159\u00edtomnosti hlady, tak\u00e9 by to nevy\u0161lo. Stravovaly by se na n\u011bkom nebo n\u011b\u010dem jin\u00e9m nebo by hladov\u011bly celou v\u011b\u010dnost, ne\u017e bychom se jim vr\u00e1tili.A co n\u00e1m tedy nakonec zb\u00fdv\u00e1? Na\u0161t\u011bst\u00ed i mo\u017enost vsadit na profesion\u00e1ln\u00ed deratiz\u00e9ry, pro kter\u00e9 je i deratizace blech jejich \u017eivobyt\u00edm a v\u011bd\u00ed, jak na to. S pomoc\u00ed profesion\u00e1ln\u00edch deratiz\u00e9r\u016f se tedy m\u016f\u017eeme zbavit blech, a tedy i nep\u0159\u00edjemnost\u00ed, je\u017e n\u00e1m zp\u016fsobuj\u00ed. A potom u\u017e se tedy nemus\u00edme dnem i noc\u00ed drbat nebo chytat a rozma\u010dk\u00e1vat tyto mal\u00e9, ale nep\u0159\u00edjemn\u00e9 tvory v nad\u011bji, \u017ee je t\u00edm vyhub\u00edme. Co\u017e by n\u00e1m nejsp\u00ed\u0161e nikdy nevy\u0161lo. A tak se m\u011bjme na pozoru. A jakmile n\u011bkde blechy dostaneme, zbavme se jich.                                                                                                                                                                                                                                                                                                                                                                                          3.8\/5 - (5 votes)        "},{"@context":"https:\/\/schema.org\/","@type":"BreadcrumbList","itemListElement":[{"@type":"ListItem","position":1,"name":"Blechy n\u00e1m vad\u00ed","item":"https:\/\/www.afchj.cz\/blechy-nam-vadi\/#breadcrumbitem"}]}]