[{"@context":"https:\/\/schema.org\/","@type":"Blog","@id":"https:\/\/www.afchj.cz#Blog","headline":"Afchj","description":"\nKdy\u017e lid\u00e9 pot\u0159ebuj\u00ed vy\u0159e\u0161it na internetu n\u011bkterou ze sv\u00fdch pot\u0159eb, najdou zde leckoho, kdo jim pomoc slibuje. Ale n\u00e1\u0161 web nejen slibuje, ale i skute\u010dn\u011b pom\u00e1h\u00e1.","url":"https:\/\/www.afchj.cz","hasPart":[{"@type":"Article","@id":"https:\/\/www.afchj.cz\/beleni-zubu-vylepsi-vas-usmev\/","headline":"B\u011blen\u00ed zub\u016f vylep\u0161\u00ed v\u00e1\u0161 \u00fasm\u011bv","url":"https:\/\/www.afchj.cz\/beleni-zubu-vylepsi-vas-usmev\/","datePublished":"2025-06-03","dateModified":"2025-06-03","mainEntityOfPage":"https:\/\/www.afchj.cz\/beleni-zubu-vylepsi-vas-usmev\/","author":{"@type":"Person","@id":"https:\/\/www.afchj.cz\/author\/#Person","name":"","url":"https:\/\/www.afchj.cz\/author\/","identifier":1,"image":{"@type":"ImageObject","@id":"https:\/\/secure.gravatar.com\/avatar\/25a824e14ead2d36aba24b918221841350fb41cea98048e9b1929df8c4bf4bd8?s=96&d=mm&r=g","url":"https:\/\/secure.gravatar.com\/avatar\/25a824e14ead2d36aba24b918221841350fb41cea98048e9b1929df8c4bf4bd8?s=96&d=mm&r=g","height":96,"width":96}},"publisher":{"@type":"Organization","name":"afchj.cz","logo":{"@type":"ImageObject","@id":"\/logo.png","url":"\/logo.png","width":600,"height":60}},"image":{"@type":"ImageObject","@id":"https:\/\/www.afchj.cz\/wp-content\/uploads\/ozkan-guner-SAA6DVTEuyo-unsplash.jpg","url":"https:\/\/www.afchj.cz\/wp-content\/uploads\/ozkan-guner-SAA6DVTEuyo-unsplash.jpg","height":0,"width":0},"wordCount":595,"keywords":null},{"@type":"Article","@id":"https:\/\/www.afchj.cz\/registrace-do-katalogu\/","headline":"Registrace do katalog\u016f","url":"https:\/\/www.afchj.cz\/registrace-do-katalogu\/","datePublished":"2025-04-20","dateModified":"2025-04-20","mainEntityOfPage":"https:\/\/www.afchj.cz\/registrace-do-katalogu\/","author":{"@type":"Person","@id":"https:\/\/www.afchj.cz\/author\/#Person","name":"","url":"https:\/\/www.afchj.cz\/author\/","identifier":1,"image":{"@type":"ImageObject","@id":"https:\/\/secure.gravatar.com\/avatar\/25a824e14ead2d36aba24b918221841350fb41cea98048e9b1929df8c4bf4bd8?s=96&d=mm&r=g","url":"https:\/\/secure.gravatar.com\/avatar\/25a824e14ead2d36aba24b918221841350fb41cea98048e9b1929df8c4bf4bd8?s=96&d=mm&r=g","height":96,"width":96}},"publisher":{"@type":"Organization","name":"afchj.cz","logo":{"@type":"ImageObject","@id":"\/logo.png","url":"\/logo.png","width":600,"height":60}},"image":null,"wordCount":222,"keywords":null},{"@type":"Article","@id":"https:\/\/www.afchj.cz\/10-natur-sorbetu\/","headline":"10 NATUR sorbet\u016f","url":"https:\/\/www.afchj.cz\/10-natur-sorbetu\/","datePublished":"2025-04-15","dateModified":"2025-04-15","mainEntityOfPage":"https:\/\/www.afchj.cz\/10-natur-sorbetu\/","author":{"@type":"Person","@id":"https:\/\/www.afchj.cz\/author\/#Person","name":"","url":"https:\/\/www.afchj.cz\/author\/","identifier":1,"image":{"@type":"ImageObject","@id":"https:\/\/secure.gravatar.com\/avatar\/25a824e14ead2d36aba24b918221841350fb41cea98048e9b1929df8c4bf4bd8?s=96&d=mm&r=g","url":"https:\/\/secure.gravatar.com\/avatar\/25a824e14ead2d36aba24b918221841350fb41cea98048e9b1929df8c4bf4bd8?s=96&d=mm&r=g","height":96,"width":96}},"publisher":{"@type":"Organization","name":"afchj.cz","logo":{"@type":"ImageObject","@id":"\/logo.png","url":"\/logo.png","width":600,"height":60}},"image":null,"wordCount":218,"keywords":null},{"@type":"Article","@id":"https:\/\/www.afchj.cz\/elektronicka-cigareta\/","headline":"Elektronick\u00e1 cigareta","url":"https:\/\/www.afchj.cz\/elektronicka-cigareta\/","datePublished":"2025-04-09","dateModified":"2025-04-09","mainEntityOfPage":"https:\/\/www.afchj.cz\/elektronicka-cigareta\/","author":{"@type":"Person","@id":"https:\/\/www.afchj.cz\/author\/#Person","name":"","url":"https:\/\/www.afchj.cz\/author\/","identifier":1,"image":{"@type":"ImageObject","@id":"https:\/\/secure.gravatar.com\/avatar\/25a824e14ead2d36aba24b918221841350fb41cea98048e9b1929df8c4bf4bd8?s=96&d=mm&r=g","url":"https:\/\/secure.gravatar.com\/avatar\/25a824e14ead2d36aba24b918221841350fb41cea98048e9b1929df8c4bf4bd8?s=96&d=mm&r=g","height":96,"width":96}},"publisher":{"@type":"Organization","name":"afchj.cz","logo":{"@type":"ImageObject","@id":"\/logo.png","url":"\/logo.png","width":600,"height":60}},"image":null,"wordCount":267,"keywords":null},{"@type":"Article","@id":"https:\/\/www.afchj.cz\/virtualni-kancelar\/","headline":"Virtu\u00e1ln\u00ed kancel\u00e1\u0159","url":"https:\/\/www.afchj.cz\/virtualni-kancelar\/","datePublished":"2025-03-30","dateModified":"2025-03-30","mainEntityOfPage":"https:\/\/www.afchj.cz\/virtualni-kancelar\/","author":{"@type":"Person","@id":"https:\/\/www.afchj.cz\/author\/#Person","name":"","url":"https:\/\/www.afchj.cz\/author\/","identifier":1,"image":{"@type":"ImageObject","@id":"https:\/\/secure.gravatar.com\/avatar\/25a824e14ead2d36aba24b918221841350fb41cea98048e9b1929df8c4bf4bd8?s=96&d=mm&r=g","url":"https:\/\/secure.gravatar.com\/avatar\/25a824e14ead2d36aba24b918221841350fb41cea98048e9b1929df8c4bf4bd8?s=96&d=mm&r=g","height":96,"width":96}},"publisher":{"@type":"Organization","name":"afchj.cz","logo":{"@type":"ImageObject","@id":"\/logo.png","url":"\/logo.png","width":600,"height":60}},"image":null,"wordCount":235,"keywords":null},{"@type":"Article","@id":"https:\/\/www.afchj.cz\/milovana-i-zatracovana\/","headline":"Milovan\u00e1 i zatracovan\u00e1","url":"https:\/\/www.afchj.cz\/milovana-i-zatracovana\/","datePublished":"2025-03-29","dateModified":"2025-03-29","mainEntityOfPage":"https:\/\/www.afchj.cz\/milovana-i-zatracovana\/","author":{"@type":"Person","@id":"https:\/\/www.afchj.cz\/author\/#Person","name":"","url":"https:\/\/www.afchj.cz\/author\/","identifier":1,"image":{"@type":"ImageObject","@id":"https:\/\/secure.gravatar.com\/avatar\/25a824e14ead2d36aba24b918221841350fb41cea98048e9b1929df8c4bf4bd8?s=96&d=mm&r=g","url":"https:\/\/secure.gravatar.com\/avatar\/25a824e14ead2d36aba24b918221841350fb41cea98048e9b1929df8c4bf4bd8?s=96&d=mm&r=g","height":96,"width":96}},"publisher":{"@type":"Organization","name":"afchj.cz","logo":{"@type":"ImageObject","@id":"\/logo.png","url":"\/logo.png","width":600,"height":60}},"image":{"@type":"ImageObject","@id":"https:\/\/www.afchj.cz\/wp-content\/uploads\/innocent-4422645_640_10_3.jpg","url":"https:\/\/www.afchj.cz\/wp-content\/uploads\/innocent-4422645_640_10_3.jpg","height":0,"width":0},"wordCount":578,"keywords":null},{"@type":"Article","@id":"https:\/\/www.afchj.cz\/nebojte-se-vyzkouset-inzerci\/","headline":"Nebojte se vyzkou\u0161et inzerci","url":"https:\/\/www.afchj.cz\/nebojte-se-vyzkouset-inzerci\/","datePublished":"2025-03-22","dateModified":"2025-03-22","mainEntityOfPage":"https:\/\/www.afchj.cz\/nebojte-se-vyzkouset-inzerci\/","author":{"@type":"Person","@id":"https:\/\/www.afchj.cz\/author\/#Person","name":"","url":"https:\/\/www.afchj.cz\/author\/","identifier":1,"image":{"@type":"ImageObject","@id":"https:\/\/secure.gravatar.com\/avatar\/25a824e14ead2d36aba24b918221841350fb41cea98048e9b1929df8c4bf4bd8?s=96&d=mm&r=g","url":"https:\/\/secure.gravatar.com\/avatar\/25a824e14ead2d36aba24b918221841350fb41cea98048e9b1929df8c4bf4bd8?s=96&d=mm&r=g","height":96,"width":96}},"publisher":{"@type":"Organization","name":"afchj.cz","logo":{"@type":"ImageObject","@id":"\/logo.png","url":"\/logo.png","width":600,"height":60}},"image":null,"wordCount":219,"keywords":null},{"@type":"Article","@id":"https:\/\/www.afchj.cz\/kdy-a-kde-vyuzit-ochranne-tvrzene-sklo-na-iphone-11\/","headline":"Kdy a kde vyu\u017e\u00edt ochrann\u00e9 tvrzen\u00e9 sklo na iPhone 11","url":"https:\/\/www.afchj.cz\/kdy-a-kde-vyuzit-ochranne-tvrzene-sklo-na-iphone-11\/","datePublished":"2025-03-17","dateModified":"2025-03-17","mainEntityOfPage":"https:\/\/www.afchj.cz\/kdy-a-kde-vyuzit-ochranne-tvrzene-sklo-na-iphone-11\/","author":{"@type":"Person","@id":"https:\/\/www.afchj.cz\/author\/#Person","name":"","url":"https:\/\/www.afchj.cz\/author\/","identifier":1,"image":{"@type":"ImageObject","@id":"https:\/\/secure.gravatar.com\/avatar\/25a824e14ead2d36aba24b918221841350fb41cea98048e9b1929df8c4bf4bd8?s=96&d=mm&r=g","url":"https:\/\/secure.gravatar.com\/avatar\/25a824e14ead2d36aba24b918221841350fb41cea98048e9b1929df8c4bf4bd8?s=96&d=mm&r=g","height":96,"width":96}},"publisher":{"@type":"Organization","name":"afchj.cz","logo":{"@type":"ImageObject","@id":"\/logo.png","url":"\/logo.png","width":600,"height":60}},"image":{"@type":"ImageObject","@id":"https:\/\/www.afchj.cz\/wp-content\/uploads\/plans-1867745_640_2.jpg","url":"https:\/\/www.afchj.cz\/wp-content\/uploads\/plans-1867745_640_2.jpg","height":0,"width":0},"wordCount":509,"keywords":null},{"@type":"Article","@id":"https:\/\/www.afchj.cz\/nase-firma-ma-velmi-silne-technicke-zazemi-pro-vypracovani-penb\/","headline":"Na\u0161e firma m\u00e1 velmi siln\u00e9 technick\u00e9 z\u00e1zem\u00ed pro vypracov\u00e1n\u00ed PENB","url":"https:\/\/www.afchj.cz\/nase-firma-ma-velmi-silne-technicke-zazemi-pro-vypracovani-penb\/","datePublished":"2025-03-12","dateModified":"2025-03-12","mainEntityOfPage":"https:\/\/www.afchj.cz\/nase-firma-ma-velmi-silne-technicke-zazemi-pro-vypracovani-penb\/","author":{"@type":"Person","@id":"https:\/\/www.afchj.cz\/author\/#Person","name":"","url":"https:\/\/www.afchj.cz\/author\/","identifier":1,"image":{"@type":"ImageObject","@id":"https:\/\/secure.gravatar.com\/avatar\/25a824e14ead2d36aba24b918221841350fb41cea98048e9b1929df8c4bf4bd8?s=96&d=mm&r=g","url":"https:\/\/secure.gravatar.com\/avatar\/25a824e14ead2d36aba24b918221841350fb41cea98048e9b1929df8c4bf4bd8?s=96&d=mm&r=g","height":96,"width":96}},"publisher":{"@type":"Organization","name":"afchj.cz","logo":{"@type":"ImageObject","@id":"\/logo.png","url":"\/logo.png","width":600,"height":60}},"image":null,"wordCount":204,"keywords":null},{"@type":"Article","@id":"https:\/\/www.afchj.cz\/pomuzeme-vam-s-dokonalou-erekci\/","headline":"Pom\u016f\u017eeme v\u00e1m s\u00a0dokonalou erekc\u00ed","url":"https:\/\/www.afchj.cz\/pomuzeme-vam-s-dokonalou-erekci\/","datePublished":"2025-03-05","dateModified":"2025-03-05","mainEntityOfPage":"https:\/\/www.afchj.cz\/pomuzeme-vam-s-dokonalou-erekci\/","author":{"@type":"Person","@id":"https:\/\/www.afchj.cz\/author\/#Person","name":"","url":"https:\/\/www.afchj.cz\/author\/","identifier":1,"image":{"@type":"ImageObject","@id":"https:\/\/secure.gravatar.com\/avatar\/25a824e14ead2d36aba24b918221841350fb41cea98048e9b1929df8c4bf4bd8?s=96&d=mm&r=g","url":"https:\/\/secure.gravatar.com\/avatar\/25a824e14ead2d36aba24b918221841350fb41cea98048e9b1929df8c4bf4bd8?s=96&d=mm&r=g","height":96,"width":96}},"publisher":{"@type":"Organization","name":"afchj.cz","logo":{"@type":"ImageObject","@id":"\/logo.png","url":"\/logo.png","width":600,"height":60}},"image":null,"wordCount":264,"keywords":null}]},{"@context":"https:\/\/schema.org","@type":"WebSite","@id":"https:\/\/www.afchj.cz\/#website","name":"Afchj","url":"https:\/\/www.afchj.cz","potentialAction":{"@type":"SearchAction","target":"https:\/\/www.afchj.cz\/?s={search_term_string}","query-input":"required name=search_term_string"}}]